{"id":888,"date":"2024-01-31T02:17:05","date_gmt":"2024-01-30T23:17:05","guid":{"rendered":"https:\/\/isvicreninsesi.ch\/de\/?p=888"},"modified":"2024-01-31T02:17:06","modified_gmt":"2024-01-30T23:17:06","slug":"deutschland-beunruhigt-ueber-dava-partei-tuerkische-politik-im-blick","status":"publish","type":"post","link":"https:\/\/isvicreninsesi.ch\/de\/deutschland-beunruhigt-ueber-dava-partei-tuerkische-politik-im-blick\/","title":{"rendered":"Deutschland beunruhigt \u00fcber Dava-Partei: T\u00fcrkische Politik im Blick"},"content":{"rendered":"\n<p>Cemil Baysal &#8211; W\u00e4hrend Deutschland mit Ereignissen wie den Bauernprotesten und dem Streik der Zugf\u00fchrer besch\u00e4ftigt war, wurde die Aufmerksamkeit des Landes pl\u00f6tzlich auf die neu gegr\u00fcndete DAVA-Partei gelenkt. Neben deutschen Medien wurde die Gr\u00fcndung der DAVA-Partei auch von den Schweizer Medien mit Schlagzeilen angek\u00fcndigt.<\/p>\n\n\n\n<p>Die deutsche Presse beschrieb die DAVA-Partei wie folgt:<\/p>\n\n\n\n<p>Ausz\u00fcge aus deutschen Medien:<\/p>\n\n\n\n<p>DAVA hat in Deutschland f\u00fcr Aufsehen gesorgt und zu besorgten Schlagzeilen gef\u00fchrt. Insbesondere angesichts der bevorstehenden Europawahlen im Juni sorgt diese Entwicklung f\u00fcr Verwirrung im politischen Umfeld Deutschlands. In den Nachrichten, die als die Partei des t\u00fcrkischen Pr\u00e4sidenten Erdo\u011fan beschrieben wurden, bezeichneten einige Medien die DAVA-Partei als die deutsche Ableitung der AKP in der T\u00fcrkei. Einige Schlagzeilen in deutschen Medien verdeutlichen die Bedenken und \u00c4ngste:<\/p>\n\n\n\n<p>Die Welt: PARTEI-NEUGR\u00dcNDUNG DAVA<\/p>\n\n\n\n<p>Hass auf Israel und Lobbyismus f\u00fcr Erdogan \u2013 das steht hinter der neuen Partei<\/p>\n\n\n\n<p>Zeit Online: Partei Dava: Wie viel Erdo\u011fan steckt in der neuen Partei?<\/p>\n\n\n\n<p>Erdo\u011fans neuer Ableger: Wird die Dava-Partei der lange Arm der AKP nach Europa?<\/p>\n\n\n\n<p>Tagesspiegel: Die T\u00fcrkei will offenbar ihren Einfluss auf die Politik in der EU ausbauen. Nun gibt es eine Partei, die bei der Europa-Wahl am 9. Juni antreten will &#8211; und der AKP sehr nahe stehen soll.<\/p>\n\n\n\n<p>TAZ: \u00dcber neue Partei Dava: \u201eDas ist eine t\u00fcrkische AfD\u201c<\/p>\n\n\n\n<p>Ali Ertan Toprak (CDU) sieht in der Partei DAVA einen Hebel des t\u00fcrkischen Pr\u00e4sidenten Erdo\u011fan. Er fordert die Ausweisung t\u00fcrkischer Rechtsextremer.<\/p>\n\n\n\n<p>Frankfurter Rundschau: T\u00fcrkisch-islamische Partei: Fachleute warnen vor Erdogan-Ableger DAVA<\/p>\n\n\n\n<p>Focus: Neugr\u00fcndung angek\u00fcndigt Sozialforscher erkl\u00e4rt, was die Erdogan-Partei DAVA f\u00fcr Deutschland bedeuten w\u00fcrde<\/p>\n\n\n\n<p>\u0130svi\u00e7re Blick: Gr\u00fcndung vor EU-Wahlen \u2013 Auch Hamas-Unterst\u00fctzer unter den Kandidaten \u2013 Und in der Schweiz? Erdogan-Partei will in Deutschland Einfluss nehmen<\/p>\n\n\n\n<p>Die &#8222;Berliner Post&#8220; hebt hervor, dass die Gr\u00fcndung der Partei kurz vor den Wahlen eine gewisse Sensibilit\u00e4t mit sich bringt.<\/p>\n\n\n\n<p>&#8222;Zeit Online&#8220; weist auf Feindseligkeit gegen\u00fcber Israel und Lobbyismus f\u00fcr Erdogan als Hauptpunkte der neuen Partei hin.<\/p>\n\n\n\n<p>Der &#8222;Tagesspiegel&#8220; warnt vor einem m\u00f6glichen langen Arm der AKP in Europa.<\/p>\n\n\n\n<p>Die &#8222;TAZ&#8220; bezeichnet die Dava-Partei als eine &#8222;t\u00fcrkische AfD&#8220;.<\/p>\n\n\n\n<p>Die &#8222;Frankfurter Rundschau&#8220; zufolge warnen Fachleute vor einem Erdogan-Ableger.<\/p>\n\n\n\n<p>&#8222;Focus&#8220; erkl\u00e4rt, was die DAVA-Partei f\u00fcr Deutschland bedeuten k\u00f6nnte.<\/p>\n\n\n\n<p>&#8222;\u0130svi\u00e7re Blick&#8220; berichtet \u00fcber die Gr\u00fcndung vor den EU-Wahlen und weist auf Hamas-Unterst\u00fctzer unter den Kandidaten hin.<\/p>\n\n\n\n<p>Die Bedenken der deutschen Politiker konzentrieren sich auf die m\u00f6glichen Auswirkungen der Partei auf die Politik in Deutschland und in der EU. Es wird bef\u00fcrchtet, dass die DAVA-Partei den Einfluss Erdogans in Deutschland verst\u00e4rken und die t\u00fcrkischst\u00e4mmige Bev\u00f6lkerung &#8222;desintegrieren&#8220; k\u00f6nnte.<\/p>\n\n\n\n<p>Markus S\u00f6der, der Ministerpr\u00e4sident Bayerns, \u00e4u\u00dferte klare Ablehnung gegen\u00fcber Parteien, die den Eindruck erwecken, von au\u00dfen die deutsche Politik beeinflussen zu wollen. Diese Sorgen werden auch vom Bundeslandwirtschaftsminister Cem \u00d6zdemir geteilt.<\/p>\n\n\n\n<p>Besondere Aufmerksamkeit gilt den Spitzenkandidaten der DAVA, die enge Verbindungen zur AKP oder ihren Vorfeldorganisationen haben. Insbesondere wird dem Arzt Mustafa Yoldas im Bundesinnenministerium die Unterst\u00fctzung der terroristischen Hamas nachgesagt.<\/p>\n\n\n\n<p>Die geplante vereinfachte Einb\u00fcrgerung im April k\u00f6nnte die Zahl der wahlberechtigten Muslime in Deutschland von 2,5 Millionen auf 5 Millionen erh\u00f6hen. Diese potenziellen W\u00e4hler k\u00f6nnten einen erheblichen Einfluss auf die Europawahlen haben, auch wenn die DAVA-Partei selbst kein Mitglied der EU ist.<\/p>\n\n\n\n<p>Die Partei setzt sich f\u00fcr eine &#8222;pragmatische sowie ideologiefreie Fl\u00fcchtlingspolitik&#8220; ein und politisiert rund um das Thema der Alltagsdiskriminierung. Angesichts der Gr\u00fcndung der t\u00fcrkisch-gepr\u00e4gten DAVA-Partei in Deutschland w\u00e4chst die Sorge vor sozialer Spaltung und gesellschaftlicher Spannung. Deutschland sieht sich mit einer politischen Entwicklung konfrontiert, die potenziell weitreichende Auswirkungen auf die politische Landschaft und Integration haben k\u00f6nnte.<\/p>\n","protected":false},"excerpt":{"rendered":"<p>Cemil Baysal &#8211; W\u00e4hrend Deutschland mit Ereignissen wie den Bauernprotesten und dem Streik der Zugf\u00fchrer besch\u00e4ftigt war, wurde die Aufmerksamkeit des Landes pl\u00f6tzlich auf die neu gegr\u00fcndete DAVA-Partei gelenkt. Neben deutschen Medien wurde die Gr\u00fcndung der DAVA-Partei auch von den Schweizer Medien mit Schlagzeilen angek\u00fcndigt. Die deutsche Presse beschrieb die DAVA-Partei wie folgt: Ausz\u00fcge aus [&hellip;]<\/p>\n","protected":false},"author":1,"featured_media":0,"comment_status":"open","ping_status":"open","sticky":false,"template":"","format":"standard","meta":{"footnotes":""},"categories":[7,5],"tags":[],"class_list":["post-888","post","type-post","status-publish","format-standard","hentry","category-hit","category-politik"],"aioseo_notices":[],"_links":{"self":[{"href":"https:\/\/isvicreninsesi.ch\/de\/wp-json\/wp\/v2\/posts\/888","targetHints":{"allow":["GET"]}}],"collection":[{"href":"https:\/\/isvicreninsesi.ch\/de\/wp-json\/wp\/v2\/posts"}],"about":[{"href":"https:\/\/isvicreninsesi.ch\/de\/wp-json\/wp\/v2\/types\/post"}],"author":[{"embeddable":true,"href":"https:\/\/isvicreninsesi.ch\/de\/wp-json\/wp\/v2\/users\/1"}],"replies":[{"embeddable":true,"href":"https:\/\/isvicreninsesi.ch\/de\/wp-json\/wp\/v2\/comments?post=888"}],"version-history":[{"count":1,"href":"https:\/\/isvicreninsesi.ch\/de\/wp-json\/wp\/v2\/posts\/888\/revisions"}],"predecessor-version":[{"id":890,"href":"https:\/\/isvicreninsesi.ch\/de\/wp-json\/wp\/v2\/posts\/888\/revisions\/890"}],"wp:attachment":[{"href":"https:\/\/isvicreninsesi.ch\/de\/wp-json\/wp\/v2\/media?parent=888"}],"wp:term":[{"taxonomy":"category","embeddable":true,"href":"https:\/\/isvicreninsesi.ch\/de\/wp-json\/wp\/v2\/categories?post=888"},{"taxonomy":"post_tag","embeddable":true,"href":"https:\/\/isvicreninsesi.ch\/de\/wp-json\/wp\/v2\/tags?post=888"}],"curies":[{"name":"wp","href":"https:\/\/api.w.org\/{rel}","templated":true}]}}