{"id":885,"date":"2024-01-30T19:32:17","date_gmt":"2024-01-30T16:32:17","guid":{"rendered":"https:\/\/isvicreninsesi.ch\/de\/?p=885"},"modified":"2024-01-30T19:32:19","modified_gmt":"2024-01-30T16:32:19","slug":"bentour-gruender-kadir-ugur-welchen-nutzen-hat-uns-tuersab-gebracht","status":"publish","type":"post","link":"https:\/\/isvicreninsesi.ch\/de\/bentour-gruender-kadir-ugur-welchen-nutzen-hat-uns-tuersab-gebracht\/","title":{"rendered":"Bentour-Gr\u00fcnder\u00a0Kadir U\u011fur: Welchen Nutzen hat uns T\u00dcRSAB gebracht?"},"content":{"rendered":"\n<p>Der Vorstandsvorsitzende von Bentour, Kadir U\u011fur, hat seine Unterst\u00fctzung f\u00fcr das von Kultur- und Tourismusminister Mehmet Nuri Ersoy vorgelegte &#8222;T\u00dcRSAB-Gesetz&#8220; bekannt gegeben. Der Gesetzesentwurf, der T\u00dcRSAB mindestens in f\u00fcnf Teile spaltet und ihm seine Befugnisse entzieht, bleibt weiterhin ein umstrittenes Thema unter den Tourismusunternehmern. Kadir U\u011fur, der behauptet, dass T\u00dcRSAB ihnen \u00fcberhaupt nicht geholfen hat, gab seine Unterst\u00fctzung f\u00fcr den Gesetzesentwurf von Minister Ersoy bekannt.<\/p>\n\n\n\n<p>Hier ist die Stellungnahme von Kadir U\u011fur, der zuvor Kritik an Minister Ersoy ge\u00e4u\u00dfert hatte:<\/p>\n\n\n\n<p>&#8222;Ich betrachte die Angelegenheit aus der Sicht eines ausl\u00e4ndischen Reiseveranstalters und Incoming-Agenten. Ich \u00fcberlege, welchen Nutzen uns T\u00dcRSAB, dessen Gr\u00fcndungsmitglied ich bin, bisher gebracht hat? Meine Antwort: Wir haben bisher keinen Nutzen davon gesehen. T\u00e4usche ich mich vielleicht?<\/p>\n\n\n\n<p>Absolut nicht. T\u00dcRSAB hat unter den vorherigen und aktuellen F\u00fchrungen keine L\u00f6sungen f\u00fcr unsere Probleme gefunden. Sie haben uns nicht einberufen und zugeh\u00f6rt, um unsere Probleme zu verstehen und L\u00f6sungen anzubieten.<\/p>\n\n\n\n<p>Stattdessen h\u00e4tte man die F\u00fchrungskr\u00e4fte der Reiseveranstalter und Incoming-Agenturen an einen Tisch bringen sollen, um tiefgreifend dar\u00fcber zu diskutieren, wie wir die Anzahl der ausl\u00e4ndischen G\u00e4ste in alle Regionen verteilen k\u00f6nnen, und somit eine allgemeine Steigerung des Tourismus in der T\u00fcrkei erreichen k\u00f6nnen.<\/p>\n\n\n\n<p>Man h\u00e4tte durch die Ber\u00fccksichtigung der unterschiedlichen Konsumgewohnheiten und Erwartungen der zuk\u00fcnftigen G\u00e4ste je nach Herkunftsland der Touristen die Planung von langfristigen Saisonen erm\u00f6glichen und so eine gemeinsame Grundlage f\u00fcr die Hoteliers schaffen k\u00f6nnen.<\/p>\n\n\n\n<p>Ja, ich denke, dass die Bildung von Verb\u00e4nden nach den vom Ministerium vorgeschlagenen Standards f\u00fcr alle von Nutzen sein kann, wie ich es als Tourismusunternehmer seit 54 Jahren sehe.<\/p>\n\n\n\n<p>Ich hoffe, dass in diesem wichtigen Sektor, in dem wir alle zur Besch\u00e4ftigung beitragen, notwendige Schritte f\u00fcr die Zukunft unternommen werden.<\/p>\n\n\n\n<p>Ich w\u00fcnsche eine erfolgreiche Tourismussaison.&#8220;<\/p>\n\n\n\n<hr class=\"wp-block-separator has-alpha-channel-opacity\"\/>\n\n\n\n<p><strong>Franz\u00f6sisch: &#8222;Kadir U\u011fur : Quel b\u00e9n\u00e9fice nous a apport\u00e9 T\u00dcRSAB ?&#8220;<\/strong><\/p>\n\n\n\n<p>Le pr\u00e9sident du conseil d&#8217;administration de Bentour, Kadir U\u011fur, a annonc\u00e9 son soutien \u00e0 la &#8222;loi T\u00dcRSAB&#8220; propos\u00e9e par le ministre de la Culture et du Tourisme, Mehmet Nuri Ersoy. Le projet de loi qui divise T\u00dcRSAB en au moins cinq parties et lui retire ses pouvoirs continue de susciter des discussions parmi les acteurs du tourisme. Kadir U\u011fur, affirmant que T\u00dcRSAB ne leur a apport\u00e9 aucun b\u00e9n\u00e9fice, a d\u00e9clar\u00e9 son soutien au projet de loi propos\u00e9 par le ministre Ersoy.<\/p>\n\n\n\n<p>Voici la d\u00e9claration de Kadir U\u011fur, qui avait pr\u00e9c\u00e9demment critiqu\u00e9 le ministre Ersoy :<\/p>\n\n\n\n<p>&#8222;Je consid\u00e8re l&#8217;affaire du point de vue d&#8217;un voyagiste \u00e9tranger et d&#8217;une agence r\u00e9ceptive. Je me demande quel b\u00e9n\u00e9fice T\u00dcRSAB, dont je suis fondateur, nous a apport\u00e9 jusqu&#8217;\u00e0 pr\u00e9sent ? Ma r\u00e9ponse : jusqu&#8217;\u00e0 pr\u00e9sent, nous n&#8217;avons vu aucun b\u00e9n\u00e9fice. Me trompe-je peut-\u00eatre ?<\/p>\n\n\n\n<p>Absolument pas. T\u00dcRSAB n&#8217;a pas apport\u00e9 de solutions \u00e0 nos probl\u00e8mes sous les directions pr\u00e9c\u00e9dentes et actuelles. Ils ne nous ont pas convoqu\u00e9s ni \u00e9cout\u00e9s pour comprendre nos probl\u00e8mes et y rem\u00e9dier.<\/p>\n\n\n\n<p>Au lieu de cela, les exploitants de voyages et les agences r\u00e9ceptives en charge auraient d\u00fb \u00eatre consult\u00e9s afin de discuter en profondeur de la mani\u00e8re dont nous pourrions r\u00e9partir le nombre de visiteurs \u00e9trangers dans toutes les r\u00e9gions, et ainsi parvenir \u00e0 une augmentation globale du tourisme en Turquie.<\/p>\n\n\n\n<p>Il aurait \u00e9t\u00e9 possible de permettre la planification \u00e0 long terme des saisons en refl\u00e9tant correctement les habitudes de consommation et les attentes variables des futurs visiteurs en fonction de leur pays d&#8217;origine.<\/p>\n\n\n\n<p>Oui, je pense que la cr\u00e9ation d&#8217;associations selon les normes propos\u00e9es par le minist\u00e8re pourrait \u00eatre b\u00e9n\u00e9fique pour tous, en tant qu&#8217;homme d&#8217;affaires du tourisme depuis 54 ans.<\/p>\n\n\n\n<p>J&#8217;esp\u00e8re que des mesures n\u00e9cessaires seront prises pour l&#8217;avenir dans ce secteur important o\u00f9 nous contribuons tous \u00e0 l&#8217;emploi.<\/p>\n\n\n\n<p>Je souhaite une saison touristique r\u00e9ussie.&#8220;<\/p>\n\n\n\n<hr class=\"wp-block-separator has-alpha-channel-opacity\"\/>\n\n\n\n<p><strong>Italienisch: &#8222;Kadir U\u011fur: Che beneficio ci ha portato T\u00dcRSAB?&#8220;<\/strong><\/p>\n\n\n\n<p>Il presidente del consiglio di amministrazione di Bentour, Kadir U\u011fur, ha annunciato il suo sostegno alla &#8222;legge T\u00dcRSAB&#8220; proposta dal ministro della Cultura e del Turismo, Mehmet Nuri Ersoy. Il disegno di legge che suddivide T\u00dcRSAB in almeno cinque parti e gli toglie i poteri continua a essere oggetto di dibattito tra gli operatori turistici. Kadir U\u011fur, sostenendo che T\u00dcRSAB non ha loro procurato alcun beneficio, ha dichiarato il suo sostegno al progetto di legge proposto dal ministro Ersoy.<\/p>\n\n\n\n<p>Ecco la dichiarazione di Kadir U\u011fur, che aveva precedentemente criticato il ministro Ersoy:<\/p>\n\n\n\n<p>&#8222;Guardo alla questione dal punto di vista di un tour operator straniero e di un&#8217;agenzia incoming. Mi chiedo quale beneficio ci abbia portato T\u00dcRSAB, di cui sono fondatore? La mia risposta: finora non abbiamo visto alcun beneficio. Mi sbaglio forse?<\/p>\n\n\n\n<p>Assolutamente no. T\u00dcRSAB, sotto le direzioni precedenti e attuali, non ha fornito soluzioni ai nostri problemi. Non ci hanno convocato n\u00e9 ascoltato per comprendere i nostri problemi e trovare soluzioni.<\/p>\n\n\n\n<p>Invece, sarebbe stato necessario consultare i dirigenti dei tour operator e delle agenzie incoming per discutere approfonditamente su come potremmo distribuire il numero di visitatori stranieri in tutte le regioni e cos\u00ec ottenere un aumento generale del turismo in Turchia.<\/p>\n\n\n\n<p>Si sarebbe potuto consentire la pianificazione a lungo termine delle stagioni riflettendo correttamente le abitudini di consumo e le aspettative variabili dei futuri visitatori in base al loro paese d&#8217;origine.<\/p>\n\n\n\n<p>S\u00ec, penso che la creazione di associazioni secondo gli standard proposti dal ministero potrebbe essere utile per tutti, come imprenditore nel settore del turismo da 54 anni.<\/p>\n\n\n\n<p>Spero che siano adottati i provvedimenti necessari per il futuro in questo settore importante in cui tutti contribuiamo all&#8217;occupazione.<\/p>\n\n\n\n<p>Auguro una stagione turistica di successo.<\/p>\n","protected":false},"excerpt":{"rendered":"<p>Der Vorstandsvorsitzende von Bentour, Kadir U\u011fur, hat seine Unterst\u00fctzung f\u00fcr das von Kultur- und Tourismusminister Mehmet Nuri Ersoy vorgelegte &#8222;T\u00dcRSAB-Gesetz&#8220; bekannt gegeben. Der Gesetzesentwurf, der T\u00dcRSAB mindestens in f\u00fcnf Teile spaltet und ihm seine Befugnisse entzieht, bleibt weiterhin ein umstrittenes Thema unter den Tourismusunternehmern. Kadir U\u011fur, der behauptet, dass T\u00dcRSAB ihnen \u00fcberhaupt nicht geholfen hat, [&hellip;]<\/p>\n","protected":false},"author":1,"featured_media":0,"comment_status":"open","ping_status":"open","sticky":false,"template":"","format":"standard","meta":{"footnotes":""},"categories":[14,6,2,78],"tags":[],"class_list":["post-885","post","type-post","status-publish","format-standard","hentry","category-news","category-reisen","category-schweiz","category-tuerkei"],"aioseo_notices":[],"_links":{"self":[{"href":"https:\/\/isvicreninsesi.ch\/de\/wp-json\/wp\/v2\/posts\/885","targetHints":{"allow":["GET"]}}],"collection":[{"href":"https:\/\/isvicreninsesi.ch\/de\/wp-json\/wp\/v2\/posts"}],"about":[{"href":"https:\/\/isvicreninsesi.ch\/de\/wp-json\/wp\/v2\/types\/post"}],"author":[{"embeddable":true,"href":"https:\/\/isvicreninsesi.ch\/de\/wp-json\/wp\/v2\/users\/1"}],"replies":[{"embeddable":true,"href":"https:\/\/isvicreninsesi.ch\/de\/wp-json\/wp\/v2\/comments?post=885"}],"version-history":[{"count":1,"href":"https:\/\/isvicreninsesi.ch\/de\/wp-json\/wp\/v2\/posts\/885\/revisions"}],"predecessor-version":[{"id":887,"href":"https:\/\/isvicreninsesi.ch\/de\/wp-json\/wp\/v2\/posts\/885\/revisions\/887"}],"wp:attachment":[{"href":"https:\/\/isvicreninsesi.ch\/de\/wp-json\/wp\/v2\/media?parent=885"}],"wp:term":[{"taxonomy":"category","embeddable":true,"href":"https:\/\/isvicreninsesi.ch\/de\/wp-json\/wp\/v2\/categories?post=885"},{"taxonomy":"post_tag","embeddable":true,"href":"https:\/\/isvicreninsesi.ch\/de\/wp-json\/wp\/v2\/tags?post=885"}],"curies":[{"name":"wp","href":"https:\/\/api.w.org\/{rel}","templated":true}]}}