{"id":882,"date":"2024-01-30T19:16:13","date_gmt":"2024-01-30T16:16:13","guid":{"rendered":"https:\/\/isvicreninsesi.ch\/de\/?p=882"},"modified":"2024-01-30T19:16:14","modified_gmt":"2024-01-30T16:16:14","slug":"von-2006-bis-2021-ungerechtigkeiten-bei-mieten-in-der-schweiz","status":"publish","type":"post","link":"https:\/\/isvicreninsesi.ch\/de\/von-2006-bis-2021-ungerechtigkeiten-bei-mieten-in-der-schweiz\/","title":{"rendered":"VON 2006 BIS 2021: Ungerechtigkeiten bei Mieten in der Schweiz"},"content":{"rendered":"\n<p>Cemil Baysal &#8211;  In der Schweiz haben Vermieter zwischen 2006 und 2021 laut einer neuen Studie insgesamt rund 78 Milliarden Franken zu viel Miete verlangt. Die durchschnittlichen Mietpreise im Land stiegen zwischen November 2005 und November 2021 um 22,1 Prozent. Der Landesindex der Konsumentenpreise, der die Teuerung misst, stieg in dieser Zeit jedoch nur um 3,8 Prozent. Aktuell sind die Mieten 36,1 Prozent h\u00f6her als erwartet, basierend auf der Entwicklung der Kostenfaktoren.<\/p>\n\n\n\n<p><em>Franz\u00f6sisch:<\/em> En Suisse, les propri\u00e9taires ont demand\u00e9 un total d&#8217;environ 78 milliards de francs suisses de loyer en trop entre 2006 et 2021, selon une nouvelle \u00e9tude. Les prix moyens des loyers dans le pays ont augment\u00e9 de 22,1 % entre novembre 2005 et novembre 2021. Cependant, l&#8217;indice des prix \u00e0 la consommation, mesurant l&#8217;inflation, n&#8217;a augment\u00e9 que de 3,8 % au cours de cette p\u00e9riode. Actuellement, les loyers sont 36,1 % plus \u00e9lev\u00e9s que pr\u00e9vu, en fonction de l&#8217;\u00e9volution des facteurs de co\u00fbts.<\/p>\n\n\n\n<p><em>Italienisch:<\/em> In Svizzera, i proprietari hanno chiesto un totale di circa 78 miliardi di franchi svizzeri in pi\u00f9 tra il 2006 e il 2021, secondo un nuovo studio. I prezzi medi degli affitti nel paese sono aumentati del 22,1% tra novembre 2005 e novembre 2021. Tuttavia, l&#8217;indice nazionale dei prezzi al consumo, che misura l&#8217;inflazione, \u00e8 salito solo del 3,8% in questo periodo. Attualmente, gli affitti sono del 36,1% pi\u00f9 alti rispetto a quanto previsto, sulla base dello sviluppo dei fattori di costo.<\/p>\n","protected":false},"excerpt":{"rendered":"<p>Cemil Baysal &#8211; In der Schweiz haben Vermieter zwischen 2006 und 2021 laut einer neuen Studie insgesamt rund 78 Milliarden Franken zu viel Miete verlangt. Die durchschnittlichen Mietpreise im Land stiegen zwischen November 2005 und November 2021 um 22,1 Prozent. Der Landesindex der Konsumentenpreise, der die Teuerung misst, stieg in dieser Zeit jedoch nur um [&hellip;]<\/p>\n","protected":false},"author":1,"featured_media":0,"comment_status":"open","ping_status":"open","sticky":false,"template":"","format":"standard","meta":{"footnotes":""},"categories":[7,14,2],"tags":[],"class_list":["post-882","post","type-post","status-publish","format-standard","hentry","category-hit","category-news","category-schweiz"],"aioseo_notices":[],"_links":{"self":[{"href":"https:\/\/isvicreninsesi.ch\/de\/wp-json\/wp\/v2\/posts\/882","targetHints":{"allow":["GET"]}}],"collection":[{"href":"https:\/\/isvicreninsesi.ch\/de\/wp-json\/wp\/v2\/posts"}],"about":[{"href":"https:\/\/isvicreninsesi.ch\/de\/wp-json\/wp\/v2\/types\/post"}],"author":[{"embeddable":true,"href":"https:\/\/isvicreninsesi.ch\/de\/wp-json\/wp\/v2\/users\/1"}],"replies":[{"embeddable":true,"href":"https:\/\/isvicreninsesi.ch\/de\/wp-json\/wp\/v2\/comments?post=882"}],"version-history":[{"count":1,"href":"https:\/\/isvicreninsesi.ch\/de\/wp-json\/wp\/v2\/posts\/882\/revisions"}],"predecessor-version":[{"id":884,"href":"https:\/\/isvicreninsesi.ch\/de\/wp-json\/wp\/v2\/posts\/882\/revisions\/884"}],"wp:attachment":[{"href":"https:\/\/isvicreninsesi.ch\/de\/wp-json\/wp\/v2\/media?parent=882"}],"wp:term":[{"taxonomy":"category","embeddable":true,"href":"https:\/\/isvicreninsesi.ch\/de\/wp-json\/wp\/v2\/categories?post=882"},{"taxonomy":"post_tag","embeddable":true,"href":"https:\/\/isvicreninsesi.ch\/de\/wp-json\/wp\/v2\/tags?post=882"}],"curies":[{"name":"wp","href":"https:\/\/api.w.org\/{rel}","templated":true}]}}