{"id":879,"date":"2024-01-30T15:05:58","date_gmt":"2024-01-30T12:05:58","guid":{"rendered":"https:\/\/isvicreninsesi.ch\/de\/?p=879"},"modified":"2024-01-30T15:06:00","modified_gmt":"2024-01-30T12:06:00","slug":"bundesrat-lehnt-feuerwerksverbot-ab-volksabstimmung-steht-bevor","status":"publish","type":"post","link":"https:\/\/isvicreninsesi.ch\/de\/bundesrat-lehnt-feuerwerksverbot-ab-volksabstimmung-steht-bevor\/","title":{"rendered":"Bundesrat lehnt Feuerwerksverbot ab, Volksabstimmung steht bevor"},"content":{"rendered":"\n<p><em>Neue Volksabstimmung \u00fcber Feuerwerksverbot<\/em><\/p>\n\n\n\n<p>Cemil Baysal &#8211; In der Schweiz steht ein Verbot von Feuerwerksk\u00f6rpern zur Abstimmung, nachdem \u00fcber 140&#8217;000 Unterschriften gesammelt wurden. Der Bundesrat spricht sich gegen das Verbot aus, da nach seiner Meinung bereits gen\u00fcgend Regelungen auf Gemeinde- und Kantonebene existieren.<\/p>\n\n\n\n<p><strong>Bef\u00fcrworter wollen L\u00e4rmfeuerwerke verbieten<\/strong><\/p>\n\n\n\n<p>Die Bef\u00fcrworter wollen Feuerwerke, die L\u00e4rm erzeugen, in der Verfassung verbieten, w\u00e4hrend ger\u00e4uschlose Pyrotechnik weiterhin erlaubt sein soll. Der Bundesrat betont, dass viele Menschen positive Emotionen mit Feuerwerken verbinden und ein landesweites Verbot daher unverh\u00e4ltnism\u00e4\u00dfig sei.<\/p>\n\n\n\n<p><strong>Initianten sehen keinen R\u00fcckschlag<\/strong><\/p>\n\n\n\n<p>Die Initianten, angef\u00fchrt von Fachautor und Hundetrainer Roman Huber, sehen in der ablehnenden Haltung des Bundesrats keinen R\u00fcckschlag, sondern erhoffen sich eine beschleunigte demokratische Entscheidungsfindung.<\/p>\n\n\n\n<p><strong>Umfrage zeigt klare Mehrheit f\u00fcr Verbot<\/strong><\/p>\n\n\n\n<p>Laut einer repr\u00e4sentativen Umfrage unterst\u00fctzen 76 Prozent der Befragten das Verbot, w\u00e4hrend 24 Prozent dagegen sind. Die Feuerwerksinitiative wird von verschiedenen Organisationen wie dem Schweizer Tierschutz und Vier Pfoten unterst\u00fctzt, aber politische Parteien haben sich bisher nicht dazu bekannt.<\/p>\n\n\n\n<p><strong>Lokale Verbote und Rufe nach Ver\u00e4nderung<\/strong><\/p>\n\n\n\n<p>In der Vergangenheit gab es bereits lokale Verbote von Feuerwerken in bestimmten Schweizer Gemeinden, und die Bef\u00fcrworter argumentieren, dass eine Anpassung der Verfassung notwendig sei, da die bestehenden Gesetzesgrundlagen nicht ausreichend genutzt werden.<\/p>\n\n\n\n<p><strong>Huber fordert Umr\u00fcstung der Branche<\/strong><\/p>\n\n\n\n<p>Roman Huber schl\u00e4gt vor, dass die Feuerwerksbranche auf emissionsarme Alternativen umr\u00fcsten sollte, wenn das Verbot angenommen wird.<\/p>\n\n\n\n<p>France : <strong>Conseil f\u00e9d\u00e9ral refuse l&#8217;interdiction des feux d&#8217;artifice, un r\u00e9f\u00e9rendum est imminent<\/strong><\/p>\n\n\n\n<p><em>Nouveau r\u00e9f\u00e9rendum sur l&#8217;interdiction des feux d&#8217;artifice<\/em><\/p>\n\n\n\n<p>En Suisse, une interdiction des feux d&#8217;artifice est soumise \u00e0 un r\u00e9f\u00e9rendum apr\u00e8s la collecte de plus de 140&#8217;000 signatures. Le Conseil f\u00e9d\u00e9ral s&#8217;oppose \u00e0 l&#8217;interdiction, estimant qu&#8217;il existe d\u00e9j\u00e0 suffisamment de r\u00e9glementations au niveau des communes et des cantons.<\/p>\n\n\n\n<p><em>Les partisans veulent interdire les feux d&#8217;artifice bruyants<\/em><\/p>\n\n\n\n<p>Les partisans souhaitent interdire dans la Constitution les feux d&#8217;artifice produisant du bruit, tandis que la pyrotechnie silencieuse resterait autoris\u00e9e. Le Conseil f\u00e9d\u00e9ral souligne que de nombreuses personnes associent des \u00e9motions positives aux feux d&#8217;artifice, rendant une interdiction nationale disproportionn\u00e9e.<\/p>\n\n\n\n<p><em>Les initiateurs ne consid\u00e8rent pas le rejet comme un revers<\/em><\/p>\n\n\n\n<p>Les initiateurs, dirig\u00e9s par l&#8217;auteur sp\u00e9cialis\u00e9 et dresseur de chiens Roman Huber, ne consid\u00e8rent pas le rejet du Conseil f\u00e9d\u00e9ral comme un revers, mais esp\u00e8rent plut\u00f4t un processus d\u00e9cisionnel d\u00e9mocratique acc\u00e9l\u00e9r\u00e9.<\/p>\n\n\n\n<p><em>Sondage montrant une nette majorit\u00e9 en faveur de l&#8217;interdiction<\/em><\/p>\n\n\n\n<p>Selon un sondage repr\u00e9sentatif, 76 % des personnes interrog\u00e9es soutiennent l&#8217;interdiction, tandis que 24 % y sont oppos\u00e9es. L&#8217;initiative des feux d&#8217;artifice est soutenue par diverses organisations telles que la Protection suisse des animaux et Quatre pattes, mais les partis politiques ne se sont pas encore prononc\u00e9s.<\/p>\n\n\n\n<p><em>Interdictions locales et appels au changement<\/em><\/p>\n\n\n\n<p>Dans le pass\u00e9, il y a eu des interdictions locales de feux d&#8217;artifice dans certaines communes suisses, et les partisans soutiennent qu&#8217;une adaptation de la Constitution est n\u00e9cessaire car les bases l\u00e9gales existantes ne sont pas suffisamment utilis\u00e9es.<\/p>\n\n\n\n<p><em>Huber appelle \u00e0 une transformation de l&#8217;industrie<\/em><\/p>\n\n\n\n<p>Roman Huber sugg\u00e8re que l&#8217;industrie des feux d&#8217;artifice devrait passer \u00e0 des alternatives \u00e0 faibles \u00e9missions si l&#8217;interdiction est accept\u00e9e.<\/p>\n\n\n\n<p>Italien: <strong>Consiglio federale respinge il divieto dei fuochi d&#8217;artificio, si avvicina un referendum<\/strong><\/p>\n\n\n\n<p><em>Nuovo referendum sull&#8217;interdizione dei fuochi d&#8217;artificio<\/em><\/p>\n\n\n\n<p>In Svizzera, un divieto dei fuochi d&#8217;artificio \u00e8 sottoposto a un referendum dopo la raccolta di oltre 140&#8217;000 firme. Il Consiglio federale si oppone al divieto, ritenendo che esistano gi\u00e0 sufficienti regolamentazioni a livello comunale e cantonale.<\/p>\n\n\n\n<p><em>I sostenitori vogliono vietare i fuochi d&#8217;artificio rumorosi<\/em><\/p>\n\n\n\n<p>I sostenitori vogliono vietare nella Costituzione i fuochi d&#8217;artificio che producono rumore, mentre la pirotecnica silenziosa dovrebbe rimanere consentita. Il Consiglio federale sottolinea che molte persone associano emozioni positive ai fuochi d&#8217;artificio, rendendo un divieto nazionale sproporzionato.<\/p>\n\n\n\n<p><em>Gli iniziatori non vedono il rifiuto come un contraccolpo<\/em><\/p>\n\n\n\n<p>Gli iniziatori, guidati dall&#8217;autore specializzato e addestratore di cani Roman Huber, non considerano il rifiuto del Consiglio federale come un contraccolpo, ma si aspettano piuttosto un processo decisionale democratico accelerato.<\/p>\n\n\n\n<p><em>Sondaggio che mostra una netta maggioranza a favore del divieto<\/em><\/p>\n\n\n\n<p>Secondo un sondaggio rappresentativo, il 76% dei intervistati sostiene il divieto, mentre il 24% \u00e8 contrario. L&#8217;iniziativa dei fuochi d&#8217;artificio \u00e8 sostenuta da diverse organizzazioni come la Protezione svizzera degli animali e Quattro zampe, ma i partiti politici non si sono ancora espressi.<\/p>\n\n\n\n<p><em>Divieti locali e appelli al cambiamento<\/em><\/p>\n\n\n\n<p>In passato, ci sono stati divieti locali di fuochi d&#8217;artificio in alcune comunit\u00e0 svizzere, e i sostenitori argomentano che \u00e8 necessario adattare la Costituzione poich\u00e9 le basi legali esistenti non vengono utilizzate in modo sufficiente.<\/p>\n\n\n\n<p><em>Huber chiede una trasformazione del settore<\/em><\/p>\n\n\n\n<p>Roman Huber suggerisce che l&#8217;industria dei fuochi d&#8217;artificio dovrebbe passare a alternative a basse emissioni se il divieto viene accettato.<\/p>\n","protected":false},"excerpt":{"rendered":"<p>Neue Volksabstimmung \u00fcber Feuerwerksverbot Cemil Baysal &#8211; In der Schweiz steht ein Verbot von Feuerwerksk\u00f6rpern zur Abstimmung, nachdem \u00fcber 140&#8217;000 Unterschriften gesammelt wurden. Der Bundesrat spricht sich gegen das Verbot aus, da nach seiner Meinung bereits gen\u00fcgend Regelungen auf Gemeinde- und Kantonebene existieren. Bef\u00fcrworter wollen L\u00e4rmfeuerwerke verbieten Die Bef\u00fcrworter wollen Feuerwerke, die L\u00e4rm erzeugen, in [&hellip;]<\/p>\n","protected":false},"author":1,"featured_media":0,"comment_status":"open","ping_status":"open","sticky":false,"template":"","format":"standard","meta":{"footnotes":""},"categories":[7,80,14,2],"tags":[83],"class_list":["post-879","post","type-post","status-publish","format-standard","hentry","category-hit","category-leben","category-news","category-schweiz","tag-feuerwerk-schweiz-isvicre"],"aioseo_notices":[],"_links":{"self":[{"href":"https:\/\/isvicreninsesi.ch\/de\/wp-json\/wp\/v2\/posts\/879","targetHints":{"allow":["GET"]}}],"collection":[{"href":"https:\/\/isvicreninsesi.ch\/de\/wp-json\/wp\/v2\/posts"}],"about":[{"href":"https:\/\/isvicreninsesi.ch\/de\/wp-json\/wp\/v2\/types\/post"}],"author":[{"embeddable":true,"href":"https:\/\/isvicreninsesi.ch\/de\/wp-json\/wp\/v2\/users\/1"}],"replies":[{"embeddable":true,"href":"https:\/\/isvicreninsesi.ch\/de\/wp-json\/wp\/v2\/comments?post=879"}],"version-history":[{"count":1,"href":"https:\/\/isvicreninsesi.ch\/de\/wp-json\/wp\/v2\/posts\/879\/revisions"}],"predecessor-version":[{"id":881,"href":"https:\/\/isvicreninsesi.ch\/de\/wp-json\/wp\/v2\/posts\/879\/revisions\/881"}],"wp:attachment":[{"href":"https:\/\/isvicreninsesi.ch\/de\/wp-json\/wp\/v2\/media?parent=879"}],"wp:term":[{"taxonomy":"category","embeddable":true,"href":"https:\/\/isvicreninsesi.ch\/de\/wp-json\/wp\/v2\/categories?post=879"},{"taxonomy":"post_tag","embeddable":true,"href":"https:\/\/isvicreninsesi.ch\/de\/wp-json\/wp\/v2\/tags?post=879"}],"curies":[{"name":"wp","href":"https:\/\/api.w.org\/{rel}","templated":true}]}}