{"id":863,"date":"2024-01-26T12:07:32","date_gmt":"2024-01-26T09:07:32","guid":{"rendered":"https:\/\/isvicreninsesi.ch\/de\/?p=863"},"modified":"2024-01-26T12:07:33","modified_gmt":"2024-01-26T09:07:33","slug":"erstmals-mehr-nicht-glaeubige-religionslose-als-katholiken-in-der-schweiz","status":"publish","type":"post","link":"https:\/\/isvicreninsesi.ch\/de\/erstmals-mehr-nicht-glaeubige-religionslose-als-katholiken-in-der-schweiz\/","title":{"rendered":"Erstmals mehr Nicht-Gl\u00e4ubige ( Religionslose) als Katholiken in der Schweiz"},"content":{"rendered":"\n<p>Cemil Baysal &#8211; Laut einer Studie des Bundesamts f\u00fcr Statistik gibt es in der Schweiz erstmals mehr Menschen ohne religi\u00f6se Zugeh\u00f6rigkeit als Katholiken. Die Zahl der Menschen ohne religi\u00f6se Bindung hat die Katholiken in der Schweiz \u00fcbertroffen.<\/p>\n\n\n\n<p>Gem\u00e4\u00df einer Erkl\u00e4rung des Bundesamts f\u00fcr Statistik am Freitag gibt es in der Schweiz erstmals mehr Menschen ohne Religionszugeh\u00f6rigkeit als Katholiken. Die Gruppe der Religionslosen hat mit einem Anteil von 34 Prozent die Katholiken (32 Prozent) \u00fcberholt. An dritter Stelle stehen laut den am Freitag vom Bundesamt f\u00fcr Statistik (BfS) ver\u00f6ffentlichten Daten die Evangelisch-Reformierten. Diese Daten beziehen sich auf das Jahr 2022.<\/p>\n\n\n\n<p>Gem\u00e4\u00df dem Bundesamt f\u00fcr Statistik hat der Anteil der Bev\u00f6lkerung ohne Religionszugeh\u00f6rigkeit in den letzten 50 Jahren in der Schweiz kontinuierlich zugenommen. W\u00e4hrend im Jahr 1970 nur 1 Prozent der Bev\u00f6lkerung keiner Religionszugeh\u00f6rigkeit angeh\u00f6rte, stieg dieser Anteil bis zur Jahrtausendwende auf 11 Prozent.<\/p>\n\n\n\n<p>Bis zum Jahr 2010 verdoppelte sich dieser Anteil knapp auf 20 Prozent. Im Jahr 2022 geh\u00f6rte bereits mehr als ein Drittel der Bev\u00f6lkerung ab 15 Jahren keiner Religionsgemeinschaft mehr an.<\/p>\n\n\n\n<p>Analyse des Berichterstatters:<\/p>\n\n\n\n<p>Mehrheit der Konfessionslosen: Es ist bemerkenswert, dass konfessionslose Personen in der Schweiz die Katholiken \u00fcbertreffen und somit die Mehrheit bilden. Dies k\u00f6nnte auf eine Ver\u00e4nderung des Verh\u00e4ltnisses der Gesellschaft zur Religion und die Akzeptanz der Konfessionslosigkeit hinweisen.<\/p>\n\n\n\n<p>Hoher Anteil unter der jungen Bev\u00f6lkerung: Wie im Bericht angegeben, repr\u00e4sentiert der Anteil der Konfessionslosen von 34 Prozent im Jahr 2022 mehr als ein Drittel der Bev\u00f6lkerung ab 15 Jahren. Dies deutet darauf hin, dass Konfessionslosigkeit besonders unter der jungen Bev\u00f6lkerung verbreiteter ist. Es k\u00f6nnte darauf hindeuten, dass die Verbindung zur Religion unter jungen Menschen schw\u00e4cher ist oder die Akzeptanz der Konfessionslosigkeit zugenommen hat.<\/p>\n\n\n\n<p>Religi\u00f6se Ver\u00e4nderung und Geschichte: Die Daten, die einen Zeitraum von 50 Jahren abdecken, zeigen, dass der Anteil der konfessionslosen Bev\u00f6lkerung kontinuierlich zugenommen hat. Dies zeigt, wie sich die Beziehung der Gesellschaft zur Religion im Laufe der Zeit entwickelt und ver\u00e4ndert hat.<\/p>\n\n\n\n<p>Rangfolge der religi\u00f6sen Gruppen: Im Bericht wird erw\u00e4hnt, dass nach den Konfessionslosen und Katholiken die Evangelisch-Reformierten an dritter Stelle stehen. Dies k\u00f6nnte ein Spiegelbild der dynamischen religi\u00f6sen Landschaft in der Schweiz sein.<\/p>\n\n\n\n<p>Diese Analyse enth\u00e4lt Elemente wie die Mehrheit der Konfessionslosen, den hohen Anteil unter der jungen Bev\u00f6lkerung, die Ver\u00e4nderung der Religion im Laufe der Zeit und die Rangfolge der religi\u00f6sen Gruppen. Diese Elemente k\u00f6nnen wichtige Hinweise darauf geben, wie sich die Beziehung der Schweizer Gesellschaft zur Religion ver\u00e4ndert.<\/p>\n\n\n\n<hr class=\"wp-block-separator has-alpha-channel-opacity\"\/>\n\n\n\n<p><strong>Franz\u00f6sisch:<\/strong><\/p>\n\n\n\n<p> &#8211; En Suisse, pour la premi\u00e8re fois, les non-croyants d\u00e9passent les catholiques selon une enqu\u00eate de l&#8217;Office f\u00e9d\u00e9ral de la statistique. En Suisse, il y a d\u00e9sormais plus de personnes sans affiliation religieuse que de catholiques.<\/p>\n\n\n\n<p>Selon une d\u00e9claration de l&#8217;Office f\u00e9d\u00e9ral de la statistique vendredi, il y a d\u00e9sormais plus de personnes sans affiliation religieuse que de catholiques en Suisse. Le groupe des non-croyants a d\u00e9pass\u00e9 les catholiques avec une part de 34 % contre 32 %. En troisi\u00e8me position, selon les donn\u00e9es publi\u00e9es vendredi par l&#8217;Office f\u00e9d\u00e9ral de la statistique (OFS), se trouvent les r\u00e9form\u00e9s \u00e9vang\u00e9liques. Ces donn\u00e9es se r\u00e9f\u00e8rent \u00e0 l&#8217;ann\u00e9e 2022.<\/p>\n\n\n\n<p>Selon l&#8217;Office f\u00e9d\u00e9ral de la statistique, la proportion de la population sans affiliation religieuse a constamment augment\u00e9 en Suisse au cours des 50 derni\u00e8res ann\u00e9es. Alors qu&#8217;en 1970, seulement 1 % de la population n&#8217;avait aucune affiliation religieuse, cette proportion a augment\u00e9 pour atteindre 11 % d&#8217;ici l&#8217;an 2000.<\/p>\n\n\n\n<p>Jusqu&#8217;en 2010, cette proportion a presque doubl\u00e9 pour atteindre 20 %. En 2022, plus d&#8217;un tiers de la population de 15 ans et plus n&#8217;appartient \u00e0 aucune communaut\u00e9 religieuse.<\/p>\n\n\n\n<p>Analyse du journaliste :<\/p>\n\n\n\n<p>Majorit\u00e9 des non-croyants : Il est remarquable que les personnes sans affiliation religieuse en Suisse d\u00e9passent les catholiques, constituant ainsi la majorit\u00e9. Cela pourrait indiquer un changement de la relation de la soci\u00e9t\u00e9 \u00e0 la religion et une acceptation croissante de l&#8217;absence d&#8217;affiliation religieuse.<\/p>\n\n\n\n<p>Fort pourcentage parmi les jeunes : Comme indiqu\u00e9 dans l&#8217;article, la part de 34 % de non-croyants en 2022 repr\u00e9sente plus d&#8217;un tiers de la population de 15 ans et plus. Cela sugg\u00e8re que l&#8217;absence d&#8217;affiliation religieuse est plus r\u00e9pandue parmi les jeunes. Il pourrait indiquer une diminution du lien avec la religion parmi les jeunes ou une acceptation croissante de l&#8217;absence d&#8217;affiliation religieuse.<\/p>\n\n\n\n<p>Changement religieux et histoire : Les donn\u00e9es couvrant une p\u00e9riode de 50 ans indiquent que la proportion de la population sans affiliation religieuse a constamment augment\u00e9. Cela montre comment la relation de la soci\u00e9t\u00e9 \u00e0 la religion a \u00e9volu\u00e9 et chang\u00e9 au fil du temps.<\/p>\n\n\n\n<p>Classement des groupes religieux : L&#8217;article mentionne que les r\u00e9form\u00e9s \u00e9vang\u00e9liques sont en troisi\u00e8me position apr\u00e8s les non-croyants et les catholiques. Cela pourrait \u00eatre le reflet du paysage religieux dynamique en Suisse.<\/p>\n\n\n\n<p>Cette analyse comprend des \u00e9l\u00e9ments tels que la majorit\u00e9 des non-croyants, le fort pourcentage parmi les jeunes, le changement religieux au fil du temps et le classement des groupes religieux. Ces \u00e9l\u00e9ments peuvent fournir d&#8217;importants indices sur les changements dans la relation de la soci\u00e9t\u00e9 suisse \u00e0 la religion.<\/p>\n\n\n\n<hr class=\"wp-block-separator has-alpha-channel-opacity\"\/>\n\n\n\n<p><strong>Italienisch:<\/strong><\/p>\n\n\n\n<p> &#8211; In Svizzera, per la prima volta, gli indifferenti superano i cattolici secondo un&#8217;indagine dell&#8217;Ufficio federale di statistica. In Svizzera, ora ci sono pi\u00f9 persone senza affiliazione religiosa che cattolici.<\/p>\n\n\n\n<p>Secondo una dichiarazione dell&#8217;Ufficio federale di statistica venerd\u00ec, ci sono ora pi\u00f9 persone senza affiliazione religiosa che cattolici in Svizzera. Il gruppo degli indifferenti ha superato i cattolici con una quota del 34% contro il 32%. Al terzo posto, secondo i dati pubblicati venerd\u00ec dall&#8217;Ufficio federale di statistica (UFS), ci sono i riformati evangelici. Questi dati si riferiscono all&#8217;anno 2022.<\/p>\n\n\n\n<p>Secondo l&#8217;Ufficio federale di statistica, la percentuale di popolazione senza affiliazione religiosa \u00e8 aumentata costantemente in Svizzera negli ultimi 50 anni. Mentre nel 1970 solo l&#8217;1% della popolazione non aveva alcuna affiliazione religiosa, questa percentuale \u00e8 salita all&#8217;11% entro l&#8217;anno 2000.<\/p>\n\n\n\n<p>Fino al 2010, questa percentuale \u00e8 quasi raddoppiata al 20%. Nel 2022, oltre un terzo della popolazione di 15 anni e pi\u00f9 non appartiene a nessuna comunit\u00e0 religiosa.<\/p>\n\n\n\n<p>Analisi del giornalista:<\/p>\n\n\n\n<p>Maggioranza degli indifferenti: \u00c8 notevole che le persone senza affiliazione religiosa in Svizzera superino i cattolici, costituendo cos\u00ec la maggioranza. Ci\u00f2 potrebbe indicare un cambiamento del rapporto della societ\u00e0 con la religione e una crescente accettazione dell&#8217;assenza di affiliazione religiosa.<\/p>\n\n\n\n<p>Alta percentuale tra i giovani: Come indicato nell&#8217;articolo, la quota del 34% di indifferenti nel 2022 rappresenta pi\u00f9 di un terzo della popolazione di 15 anni e pi\u00f9. Ci\u00f2 suggerisce che l&#8217;assenza di affiliazione religiosa \u00e8 pi\u00f9 diffusa tra i giovani. Potrebbe indicare un indebolimento del legame con la religione tra i giovani o un&#8217;accettazione crescente dell&#8217;assenza di affiliazione religiosa.<\/p>\n\n\n\n<p>Cambiamento religioso e storia: I dati che coprono un periodo di 50 anni indicano che la percentuale di popolazione senza affiliazione religiosa \u00e8 aumentata costantemente. Ci\u00f2 mostra come il rapporto della societ\u00e0 con la religione si sia evoluto e cambiato nel tempo.<\/p>\n\n\n\n<p>Classifica dei gruppi religiosi: L&#8217;articolo menziona che i riformati evangelici sono al terzo posto dopo gli indifferenti e i cattolici. Questo potrebbe riflettere il paesaggio religioso dinamico in Svizzera.<\/p>\n\n\n\n<p>Questa analisi comprende elementi come la maggioranza degli indifferenti, l&#8217;alta percentuale tra i giovani, il cambiamento religioso nel tempo e la classifica dei gruppi religiosi. Questi elementi possono fornire importanti indicazioni sui cambiamenti nel rapporto della societ\u00e0 svizzera con la religione.<\/p>\n","protected":false},"excerpt":{"rendered":"<p>Cemil Baysal &#8211; Laut einer Studie des Bundesamts f\u00fcr Statistik gibt es in der Schweiz erstmals mehr Menschen ohne religi\u00f6se Zugeh\u00f6rigkeit als Katholiken. Die Zahl der Menschen ohne religi\u00f6se Bindung hat die Katholiken in der Schweiz \u00fcbertroffen. Gem\u00e4\u00df einer Erkl\u00e4rung des Bundesamts f\u00fcr Statistik am Freitag gibt es in der Schweiz erstmals mehr Menschen ohne [&hellip;]<\/p>\n","protected":false},"author":1,"featured_media":0,"comment_status":"open","ping_status":"open","sticky":false,"template":"","format":"standard","meta":{"footnotes":""},"categories":[8,2],"tags":[],"class_list":["post-863","post","type-post","status-publish","format-standard","hentry","category-kunst-kultur","category-schweiz"],"aioseo_notices":[],"_links":{"self":[{"href":"https:\/\/isvicreninsesi.ch\/de\/wp-json\/wp\/v2\/posts\/863","targetHints":{"allow":["GET"]}}],"collection":[{"href":"https:\/\/isvicreninsesi.ch\/de\/wp-json\/wp\/v2\/posts"}],"about":[{"href":"https:\/\/isvicreninsesi.ch\/de\/wp-json\/wp\/v2\/types\/post"}],"author":[{"embeddable":true,"href":"https:\/\/isvicreninsesi.ch\/de\/wp-json\/wp\/v2\/users\/1"}],"replies":[{"embeddable":true,"href":"https:\/\/isvicreninsesi.ch\/de\/wp-json\/wp\/v2\/comments?post=863"}],"version-history":[{"count":1,"href":"https:\/\/isvicreninsesi.ch\/de\/wp-json\/wp\/v2\/posts\/863\/revisions"}],"predecessor-version":[{"id":865,"href":"https:\/\/isvicreninsesi.ch\/de\/wp-json\/wp\/v2\/posts\/863\/revisions\/865"}],"wp:attachment":[{"href":"https:\/\/isvicreninsesi.ch\/de\/wp-json\/wp\/v2\/media?parent=863"}],"wp:term":[{"taxonomy":"category","embeddable":true,"href":"https:\/\/isvicreninsesi.ch\/de\/wp-json\/wp\/v2\/categories?post=863"},{"taxonomy":"post_tag","embeddable":true,"href":"https:\/\/isvicreninsesi.ch\/de\/wp-json\/wp\/v2\/tags?post=863"}],"curies":[{"name":"wp","href":"https:\/\/api.w.org\/{rel}","templated":true}]}}