{"id":851,"date":"2024-01-26T09:54:59","date_gmt":"2024-01-26T06:54:59","guid":{"rendered":"https:\/\/isvicreninsesi.ch\/de\/?p=851"},"modified":"2024-01-26T09:55:37","modified_gmt":"2024-01-26T06:55:37","slug":"tuerkei-das-ende-der-follower-sammelaera-handelsministerium-verkuendet-neue-bedingungen-fuer-influencer","status":"publish","type":"post","link":"https:\/\/isvicreninsesi.ch\/de\/tuerkei-das-ende-der-follower-sammelaera-handelsministerium-verkuendet-neue-bedingungen-fuer-influencer\/","title":{"rendered":"T\u00fcrkei: Das Ende der Follower-Sammel\u00e4ra &#8211; Handelsministerium verk\u00fcndet neue Bedingungen f\u00fcr Influencer"},"content":{"rendered":"\n<p>Cemil Baysal &#8211;  F\u00fcr Social-Media-Ph\u00e4nomene steht eine bedeutende Ver\u00e4nderung bevor! Das Handelsministerium hat neue Bedingungen f\u00fcr diejenigen bekannt gegeben, die als Influencer t\u00e4tig werden m\u00f6chten, und betont, dass es nun nicht mehr ausreicht, nur Follower zu sammeln.<\/p>\n\n\n\n<p>Im Rahmen des strategischen Plans 2024-2028 hat das Handelsministerium das &#8222;Influencer-Zertifikatsprogramm&#8220; ins Leben gerufen, um eine transparentere und vertrauensw\u00fcrdigere Umgebung in der Branche zu schaffen. Mit dieser neuen Regelung m\u00fcssen Social-Media-Influencer neben der Anzahl ihrer Follower nun auch bestimmte Bedingungen erf\u00fcllen, um ein Zertifikat zu erhalten. Das Ministerium wird das Programm in Zusammenarbeit mit dem Werbeselbstkontrollgremium und dem Werberat durchf\u00fchren.<\/p>\n\n\n\n<p>Das Ministerium legt gro\u00dfen Wert darauf, dass diese Ma\u00dfnahme dazu beitr\u00e4gt, dass Verbraucher pr\u00e4zisere und ethischere Inhalte erhalten. Die neue Regelung weckt die Neugier der angehenden Influencer, da nun klare Bedingungen von Seiten des Handelsministeriums festgelegt wurden, um eine qualifizierte und verantwortungsbewusste Content-Produktion in der Branche zu f\u00f6rdern.<\/p>\n\n\n\n<hr class=\"wp-block-separator has-alpha-channel-opacity\"\/>\n\n\n\n<p><strong>Franz\u00f6sisch:<\/strong>  &#8222;Turquie : Fin de l&#8217;\u00e8re de la collecte de followers &#8211; Le minist\u00e8re du Commerce annonce de nouvelles conditions pour les influenceurs&#8220;<\/p>\n\n\n\n<p> Un changement majeur se profile pour les ph\u00e9nom\u00e8nes des m\u00e9dias sociaux ! Le minist\u00e8re du Commerce a d\u00e9voil\u00e9 de nouvelles conditions pour ceux qui souhaitent devenir des influenceurs, soulignant que se contenter de collecter des followers ne sera plus suffisant.<\/p>\n\n\n\n<p>Dans le cadre du plan strat\u00e9gique 2024-2028, le minist\u00e8re du Commerce a lanc\u00e9 le &#8222;Programme de certification des influenceurs&#8220; afin de cr\u00e9er un environnement plus transparent et fiable dans le secteur. Avec cette nouvelle r\u00e9glementation, les influenceurs des m\u00e9dias sociaux devront d\u00e9sormais remplir certaines conditions en plus du nombre de leurs followers pour obtenir un certificat. Le minist\u00e8re mettra en \u0153uvre le programme en collaboration avec le Conseil de l&#8217;autor\u00e9gulation publicitaire et le Conseil publicitaire.<\/p>\n\n\n\n<p>Le minist\u00e8re insiste sur le fait que cette mesure contribuera \u00e0 garantir que les consommateurs acc\u00e8dent \u00e0 des contenus plus pr\u00e9cis et \u00e9thiques. La nouvelle r\u00e9glementation suscite la curiosit\u00e9 des futurs influenceurs, car des conditions claires ont \u00e9t\u00e9 \u00e9tablies par le minist\u00e8re du Commerce pour encourager une production de contenu qualifi\u00e9e et responsable dans le secteur.<\/p>\n\n\n\n<hr class=\"wp-block-separator has-alpha-channel-opacity\"\/>\n\n\n\n<p><strong>Italienisch:<\/strong>  &#8222;Turchia: Fine dell&#8217;era della raccolta di follower &#8211; Il Ministero del Commercio annuncia nuove condizioni per gli influencer&#8220;<\/p>\n\n\n\n<p> Un cambiamento significativo si profila per i fenomeni dei social media! Il Ministero del Commercio ha annunciato nuove condizioni per coloro che desiderano diventare influencer, sottolineando che ora non \u00e8 pi\u00f9 sufficiente limitarsi a raccogliere follower.<\/p>\n\n\n\n<p>Nel quadro del piano strategico 2024-2028, il Ministero del Commercio ha avviato il &#8222;Programma di Certificazione degli Influencer&#8220; per creare un ambiente pi\u00f9 trasparente e affidabile nel settore. Con questa nuova normativa, gli influencer dei social media dovranno ora soddisfare determinate condizioni oltre al numero dei loro follower per ottenere un certificato. Il Ministero attuer\u00e0 il programma in collaborazione con il Consiglio di Autodisciplina Pubblicitaria e il Consiglio Pubblicitario.<\/p>\n\n\n\n<p>Il Ministero sottolinea che questa misura contribuir\u00e0 a garantire che i consumatori accedano a contenuti pi\u00f9 precisi ed etici. La nuova normativa suscita la curiosit\u00e0 degli aspiranti influencer, poich\u00e9 il Ministero del Commercio ha ora definito chiare condizioni per promuovere una produzione di contenuti qualificata e responsabile nel settore.<\/p>\n","protected":false},"excerpt":{"rendered":"<p>  F\u00fcr Social-Media-Ph\u00e4nomene steht eine bedeutende Ver\u00e4nderung bevor! Das Handelsministerium hat neue Bedingungen f\u00fcr diejenigen bekannt gegeben, die als Influencer t\u00e4tig werden m\u00f6chten, und betont, dass es nun nicht mehr ausreicht, nur Follower zu sammeln.<\/p>\n","protected":false},"author":1,"featured_media":0,"comment_status":"open","ping_status":"open","sticky":false,"template":"","format":"standard","meta":{"footnotes":""},"categories":[7,80,78],"tags":[],"class_list":["post-851","post","type-post","status-publish","format-standard","hentry","category-hit","category-leben","category-tuerkei"],"aioseo_notices":[],"_links":{"self":[{"href":"https:\/\/isvicreninsesi.ch\/de\/wp-json\/wp\/v2\/posts\/851","targetHints":{"allow":["GET"]}}],"collection":[{"href":"https:\/\/isvicreninsesi.ch\/de\/wp-json\/wp\/v2\/posts"}],"about":[{"href":"https:\/\/isvicreninsesi.ch\/de\/wp-json\/wp\/v2\/types\/post"}],"author":[{"embeddable":true,"href":"https:\/\/isvicreninsesi.ch\/de\/wp-json\/wp\/v2\/users\/1"}],"replies":[{"embeddable":true,"href":"https:\/\/isvicreninsesi.ch\/de\/wp-json\/wp\/v2\/comments?post=851"}],"version-history":[{"count":3,"href":"https:\/\/isvicreninsesi.ch\/de\/wp-json\/wp\/v2\/posts\/851\/revisions"}],"predecessor-version":[{"id":862,"href":"https:\/\/isvicreninsesi.ch\/de\/wp-json\/wp\/v2\/posts\/851\/revisions\/862"}],"wp:attachment":[{"href":"https:\/\/isvicreninsesi.ch\/de\/wp-json\/wp\/v2\/media?parent=851"}],"wp:term":[{"taxonomy":"category","embeddable":true,"href":"https:\/\/isvicreninsesi.ch\/de\/wp-json\/wp\/v2\/categories?post=851"},{"taxonomy":"post_tag","embeddable":true,"href":"https:\/\/isvicreninsesi.ch\/de\/wp-json\/wp\/v2\/tags?post=851"}],"curies":[{"name":"wp","href":"https:\/\/api.w.org\/{rel}","templated":true}]}}