{"id":844,"date":"2024-01-24T22:22:55","date_gmt":"2024-01-24T19:22:55","guid":{"rendered":"https:\/\/isvicreninsesi.ch\/de\/?p=844"},"modified":"2024-01-24T22:22:57","modified_gmt":"2024-01-24T19:22:57","slug":"frauen-super-league-fcb-frauen-im-trainingslager-in-der-tuerkei","status":"publish","type":"post","link":"https:\/\/isvicreninsesi.ch\/de\/frauen-super-league-fcb-frauen-im-trainingslager-in-der-tuerkei\/","title":{"rendered":"FRAUEN SUPER LEAGUE: FCB-Frauen im Trainingslager in der T\u00fcrkei"},"content":{"rendered":"\n<p>Cemil Baysal &#8211; Nach zahlreichen Wechseln in der Winterpause absolviert das Frauen-Team des FC Basel unter Trainerin Kim Kulig ein einw\u00f6chiges Trainingslager in Side, T\u00fcrkei. Im Gegensatz zum M\u00e4nner-Team, das seine Vorbereitung in Basel durchf\u00fchrt, hat sich die Frauenmannschaft des FC Basel f\u00fcr ein Trainingslager in der T\u00fcrkei entschieden. Allerdings starteten sie am Montag mit einem Tag Versp\u00e4tung, da der Flug am Vortag aufgrund einer Bombendrohung am EuroAirport abgesagt werden musste.<\/p>\n\n\n\n<p>Bis zum Sonntag wird Kim Kulig ihrem Team in Side an der Mittelmeerk\u00fcste den letzten Schliff vor dem Wiederbeginn am 3. Februar verpassen. Oder, wie die Trainerin es ausdr\u00fcckt: &#8222;Wir wollen optimieren, weil es viele Dinge gibt, wo wir noch nicht da sind, wo wir sein wollen.&#8220; Dazu geh\u00f6rt die Konstanz der Leistungen, die mit sieben Siegen, zwei Unentschieden und nur einer Niederlage rein ergebnistechnisch schon mal nicht schlecht war.<\/p>\n\n\n\n<p>Lillyardottir geht und zwei neue Mittelfeldspielerinnen kommen dazu Wie der FCB am Montag bekannt gab, geh\u00f6rt Heiddis Lillyardottir nicht mehr zur Mannschaft. Die 27-j\u00e4hrige Isl\u00e4nderin, die vor einem Jahr nach Basel kam und lediglich elf Spiele als Innenverteidigerin bestritt, kehrt aus privaten Gr\u00fcnden in ihre Heimat zur\u00fcck.<\/p>\n\n\n\n<p>Neben drei weiteren Abg\u00e4ngen in der Winterpause (Noemi Gentile zu Sand, Chiara Schmid nach Luzern und Gianna Ferrara nach Italien) hat Kulig zwei neue Mittelfeldspielerinnen hinzugewonnen. Zum einen die kosovarische Nationalspielerin Blerta Smaili, 21, die aus Schwedens zweith\u00f6chster Liga kam, sowie Qendresa Krasniqi, 29, eine albanische Nationalspielerin, die zuletzt im Kosovo spielte.<\/p>\n\n\n\n<p>F\u00fcr den FCB, der nach einer erfolgreichen Vorrunde mit einem Spiel weniger und zwei Punkten hinter dem FC Z\u00fcrich und Servette \u00fcberwintert hat, beginnt das Pflichtspieljahr am 3. Februar in Wil mit der Nachtragspartie gegen den FC St.Gallen. Mit einem Sieg \u00fcbernehmen sie die Tabellenspitze. Es folgen Spiele in Luzern (10. Februar), und das erste Heimspiel des Jahres wird das Cup-Viertelfinale am 17. Februar gegen die Grasshoppers sein.<\/p>\n\n\n\n<p>Testspiel in Side Samstag, 27. Januar, 15 Uhr: FC Basel Frauen &#8211; FC Schlieren (Nationalliga B).<\/p>\n\n\n\n<p>Kim Kulig : <a href=\"https:\/\/www.fcb.ch\/aktuell\/videos\/uebersicht\/detailseite\/recap-tl-frauen-16x9-v1mp4-encoded1706095506-12547\" title=\"Video \">Video <\/a><\/p>\n\n\n\n<p><strong>LIGUE F\u00c9MININE SUPER: Les femmes du FCB en stage en Turquie<\/strong><\/p>\n\n\n\n<p>Apr\u00e8s de nombreux changements pendant la tr\u00eave hivernale, l&#8217;\u00e9quipe f\u00e9minine du FC B\u00e2le, dirig\u00e9e par l&#8217;entra\u00eeneure Kim Kulig, effectue un stage d&#8217;une semaine \u00e0 Side, en Turquie. Contrairement \u00e0 l&#8217;\u00e9quipe masculine, qui effectue sa pr\u00e9paration \u00e0 B\u00e2le, l&#8217;\u00e9quipe f\u00e9minine du FC B\u00e2le a choisi un stage en Turquie. Cependant, elles ont d\u00e9but\u00e9 lundi avec un jour de retard, le vol ayant \u00e9t\u00e9 annul\u00e9 la veille en raison d&#8217;une menace de bombe \u00e0 l&#8217;EuroAirport.<\/p>\n\n\n\n<p>Kim Kulig perfectionnera son \u00e9quipe \u00e0 Side, sur la c\u00f4te m\u00e9diterran\u00e9enne, jusqu&#8217;\u00e0 dimanche, avant la reprise le 3 f\u00e9vrier. Ou, comme le dit l&#8217;entra\u00eeneure : &#8222;Nous voulons optimiser, car il y a beaucoup de choses o\u00f9 nous ne sommes pas encore l\u00e0 o\u00f9 nous voulons \u00eatre.&#8220; Cela inclut la constance des performances, qui avec sept victoires, deux matchs nuls et seulement une d\u00e9faite est d\u00e9j\u00e0 plut\u00f4t bonne sur le plan des r\u00e9sultats.<\/p>\n\n\n\n<p>Lillyardottir part et deux nouvelles milieu de terrain arrivent Comme l&#8217;a annonc\u00e9 le FCB lundi, Heiddis Lillyardottir ne fait plus partie de l&#8217;\u00e9quipe. L&#8217;Islandaise de 27 ans, arriv\u00e9e \u00e0 B\u00e2le il y a un an et n&#8217;ayant jou\u00e9 que onze matches en tant que d\u00e9fenseure centrale, rentre chez elle pour des raisons personnelles.<\/p>\n\n\n\n<p>Outre trois autres d\u00e9parts pendant la tr\u00eave hivernale (Noemi Gentile \u00e0 Sand, Chiara Schmid \u00e0 Lucerne et Gianna Ferrara en Italie), Kulig a recrut\u00e9 deux nouvelles milieu de terrain. D&#8217;une part, la joueuse internationale kosovare Blerta Smaili, 21 ans, venue de la deuxi\u00e8me division su\u00e9doise, et d&#8217;autre part, Qendresa Krasniqi, 29 ans, une joueuse internationale albanaise qui jouait r\u00e9cemment au Kosovo.<\/p>\n\n\n\n<p>Pour le FCB, qui a termin\u00e9 la phase aller avec un match en moins et deux points de retard sur le FC Zurich et Servette, l&#8217;ann\u00e9e de comp\u00e9tition commence le 3 f\u00e9vrier \u00e0 Wil avec le match en retard contre le FC St. Gall. Une victoire leur permettrait de prendre la t\u00eate du classement. Ils encha\u00eeneront ensuite avec des matches \u00e0 Lucerne (le 10 f\u00e9vrier), et le premier match \u00e0 domicile de l&#8217;ann\u00e9e sera le quart de finale de la Coupe le 17 f\u00e9vrier contre les Grasshoppers.<\/p>\n\n\n\n<p>Match amical \u00e0 Side Samedi 27 janvier, 15h : FC B\u00e2le Femmes &#8211; FC Schlieren (Nationalliga B).<\/p>\n\n\n\n<p>Kim Kulig : <a href=\"https:\/\/www.fcb.ch\/aktuell\/videos\/uebersicht\/detailseite\/recap-tl-frauen-16x9-v1mp4-encoded1706095506-12547\" title=\"Video \">Video <\/a><\/p>\n\n\n\n<hr class=\"wp-block-separator has-alpha-channel-opacity\"\/>\n\n\n\n<p><strong>LIGA FEMMINILE SUPER: Le donne del FCB in ritiro in Turchia<\/strong><\/p>\n\n\n\n<p>Dopo numerosi cambiamenti durante la pausa invernale, la squadra femminile del FC Basilea, sotto la guida dell&#8217;allenatrice Kim Kulig, sta svolgendo un ritiro di una settimana a Side, in Turchia. A differenza della squadra maschile, che sta svolgendo la preparazione a Basilea, la squadra femminile del FC Basilea ha scelto un ritiro in Turchia. Tuttavia, sono partite luned\u00ec con un giorno di ritardo, poich\u00e9 il volo \u00e8 stato annullato il giorno precedente a causa di una minaccia di bomba presso l&#8217;EuroAirport.<\/p>\n\n\n\n<p>Fino a domenica, Kim Kulig dar\u00e0 gli ultimi ritocchi alla sua squadra a Side, sulla costa mediterranea, prima della ripresa il 3 febbraio. O come dice l&#8217;allenatrice: &#8222;Vogliamo ottimizzare, perch\u00e9 ci sono molte cose in cui non siamo ancora dove vorremmo essere.&#8220; Ci\u00f2 include la costanza delle prestazioni, che con sette vittorie, due pareggi e solo una sconfitta \u00e8 gi\u00e0 piuttosto buona dal punto di vista dei risultati.<\/p>\n\n\n\n<p>Lillyardottir se ne va e arrivano due nuove centrocampiste Come annunciato luned\u00ec dal FCB, Heiddis Lillyardottir non fa pi\u00f9 parte della squadra. L&#8217;islandese di 27 anni, arrivata a Basilea un anno fa e che ha giocato solo undici partite come difensore centrale, torna a casa per motivi personali.<\/p>\n\n\n\n<p>Oltre a tre altre partenze durante la pausa invernale (Noemi Gentile a Sand, Chiara Schmid a Lucerna e Gianna Ferrara in Italia), Kulig ha ingaggiato due nuove centrocampiste. Da una parte, la giocatrice internazionale del Kosovo Blerta Smaili, 21 anni, arrivata dalla seconda divisione svedese, e dall&#8217;altra, Qendresa Krasniqi, 29 anni, una giocatrice internazionale albanese che ha giocato recentemente in Kosovo.<\/p>\n\n\n\n<p>Per il FCB, che ha concluso il girone di andata con una partita in meno e due punti dietro FC Zurigo e Servette, l&#8217;anno di competizione inizia il 3 febbraio a Wil con la partita recuperata contro il FC St. Gallen. Con una vittoria, conquisteranno la testa della classifica. Seguiranno partite a Lucerna (10 febbraio) e la prima partita casalinga dell&#8217;anno sar\u00e0 il quarto di finale di Coppa il 17 febbraio contro gli Grasshoppers.<\/p>\n\n\n\n<p>Partita amichevole a Side Sabato 27 gennaio, ore 15:00: FC Basilea Femminile &#8211; FC Schlieren (Nationalliga B).<\/p>\n\n\n\n<p>Kim Kulig : <a href=\"https:\/\/www.fcb.ch\/aktuell\/videos\/uebersicht\/detailseite\/recap-tl-frauen-16x9-v1mp4-encoded1706095506-12547\" title=\"Video \">Video <\/a><\/p>\n","protected":false},"excerpt":{"rendered":"<p>Cemil Baysal &#8211; Nach zahlreichen Wechseln in der Winterpause absolviert das Frauen-Team des FC Basel unter Trainerin Kim Kulig ein einw\u00f6chiges Trainingslager in Side, T\u00fcrkei. Im Gegensatz zum M\u00e4nner-Team, das seine Vorbereitung in Basel durchf\u00fchrt, hat sich die Frauenmannschaft des FC Basel f\u00fcr ein Trainingslager in der T\u00fcrkei entschieden. Allerdings starteten sie am Montag mit [&hellip;]<\/p>\n","protected":false},"author":1,"featured_media":0,"comment_status":"open","ping_status":"open","sticky":false,"template":"","format":"standard","meta":{"footnotes":""},"categories":[7,14,2,10],"tags":[],"class_list":["post-844","post","type-post","status-publish","format-standard","hentry","category-hit","category-news","category-schweiz","category-sport"],"aioseo_notices":[],"_links":{"self":[{"href":"https:\/\/isvicreninsesi.ch\/de\/wp-json\/wp\/v2\/posts\/844","targetHints":{"allow":["GET"]}}],"collection":[{"href":"https:\/\/isvicreninsesi.ch\/de\/wp-json\/wp\/v2\/posts"}],"about":[{"href":"https:\/\/isvicreninsesi.ch\/de\/wp-json\/wp\/v2\/types\/post"}],"author":[{"embeddable":true,"href":"https:\/\/isvicreninsesi.ch\/de\/wp-json\/wp\/v2\/users\/1"}],"replies":[{"embeddable":true,"href":"https:\/\/isvicreninsesi.ch\/de\/wp-json\/wp\/v2\/comments?post=844"}],"version-history":[{"count":1,"href":"https:\/\/isvicreninsesi.ch\/de\/wp-json\/wp\/v2\/posts\/844\/revisions"}],"predecessor-version":[{"id":846,"href":"https:\/\/isvicreninsesi.ch\/de\/wp-json\/wp\/v2\/posts\/844\/revisions\/846"}],"wp:attachment":[{"href":"https:\/\/isvicreninsesi.ch\/de\/wp-json\/wp\/v2\/media?parent=844"}],"wp:term":[{"taxonomy":"category","embeddable":true,"href":"https:\/\/isvicreninsesi.ch\/de\/wp-json\/wp\/v2\/categories?post=844"},{"taxonomy":"post_tag","embeddable":true,"href":"https:\/\/isvicreninsesi.ch\/de\/wp-json\/wp\/v2\/tags?post=844"}],"curies":[{"name":"wp","href":"https:\/\/api.w.org\/{rel}","templated":true}]}}