{"id":758,"date":"2024-01-18T11:19:46","date_gmt":"2024-01-18T08:19:46","guid":{"rendered":"https:\/\/isvicreninsesi.ch\/de\/?p=758"},"modified":"2024-01-18T11:19:48","modified_gmt":"2024-01-18T08:19:48","slug":"autosteuer-fuer-suvs-basler-grosser-rat-fordert-erhoehung","status":"publish","type":"post","link":"https:\/\/isvicreninsesi.ch\/de\/autosteuer-fuer-suvs-basler-grosser-rat-fordert-erhoehung\/","title":{"rendered":"Autosteuer f\u00fcr SUVs: Basler Grosser Rat fordert Erh\u00f6hung"},"content":{"rendered":"\n<p id=\"block-f668e729-f1bc-46d3-bd0a-1027ba84ecbf\"><strong>H\u00f6here Kosten f\u00fcr Autofahrer: Basler Grosser Rat fordert verst\u00e4rkte Besteuerung von SUVs<\/strong><\/p>\n\n\n\n<p id=\"block-6ea09c56-d09a-49ae-a6fa-a32d6b600292\"><a href=\"https:\/\/www.facebook.com\/cemil.baysal.90\">Cemil Baysal <\/a>&#8211; In einer kontroversen Entscheidung hat der Basler Grosse Rat am Mittwochabend eine Motion zur Erh\u00f6hung der Besteuerung von SUVs (Sport Utility Vehicles) und Gel\u00e4ndewagen verabschiedet. Die basel-st\u00e4dtische Linke setzte sich mit 54 zu 38 Stimmen durch und \u00fcberwies die Motion des Grossrats Raphael Fuhrer (GAB) an die Regierung. Die Beweggr\u00fcnde f\u00fcr diese Ma\u00dfnahme liegen in der Betonung des \u00fcberm\u00e4\u00dfigen Verbrauchs von Ressourcen durch diese Fahrzeugkategorie.<\/p>\n\n\n\n<p id=\"block-aac1fbf4-944f-4159-9bce-fa6390e0c3af\">Die Motion zielt darauf ab, die Motorfahrzeugsteuer in Basel-Stadt an den Treibstoff- und Platzverbrauch der angemeldeten Fahrzeuge zu koppeln. Insbesondere SUVs stehen im Fokus, da ihre Anzahl in Basel in den letzten Jahren zugenommen hat. Die Linke argumentiert, dass die verst\u00e4rkte Besteuerung dieser Fahrzeuge notwendig sei, um Umweltauswirkungen zu reduzieren und Platz auf den Stra\u00dfen freizumachen.<\/p>\n\n\n\n<p id=\"block-df56008d-2dd1-4c59-b97f-a51bb0f823cd\">Die Entscheidung stie\u00df jedoch auf heftigen Widerstand seitens der Regierung und der Sprecher der b\u00fcrgerlichen Fraktionen. Gegner der Motion warnten vor einem &#8222;ewigen Glaubenskrieg gegen das Auto schlechthin&#8220;. Sie betonten, dass diese Ma\u00dfnahme nicht nur SUVs, sondern auch schwere Elektrofahrzeuge beeintr\u00e4chtigen k\u00f6nne.<\/p>\n\n\n\n<p id=\"block-237238b9-f762-4832-9134-a3c3c19eb354\">Die Diskussion \u00fcber die Besteuerung von SUVs und \u00e4hnlichen Fahrzeugen ist nicht neu und spiegelt die anhaltende Debatte \u00fcber Umweltauswirkungen, Verkehrspolitik und individuelle Mobilit\u00e4t wider. Der Beschluss des Grossen Rates wird nun voraussichtlich weiteren Diskussionen und m\u00f6glicherweise auch rechtlichen Pr\u00fcfungen unterzogen, bevor er in konkrete Gesetzgebung umgesetzt wird.<\/p>\n\n\n\n<p id=\"block-48962fa6-7fe8-4b6a-aa98-10d658a04ef5\"><strong>Franz\u00f6sisch:<\/strong> <strong>Co\u00fbts croissants pour les automobilistes : Le Grand Conseil de B\u00e2le pr\u00e9conise une imposition renforc\u00e9e des SUV<\/strong><\/p>\n\n\n\n<p id=\"block-19f4a5d1-3c73-42ff-8bc5-5450be8393a2\"><em>Dans une d\u00e9cision controvers\u00e9e, le Grand Conseil de B\u00e2le a adopt\u00e9 mercredi soir une motion visant \u00e0 augmenter la taxation des SUV (Sport Utility Vehicles) et des v\u00e9hicules tout-terrain. La gauche de la ville de B\u00e2le l&#8217;a emport\u00e9 par 54 voix contre 38 et a renvoy\u00e9 la motion du Grand Conseiller Raphael Fuhrer (GAB) au gouvernement. Les motivations de cette mesure r\u00e9sident dans l&#8217;accent mis sur la consommation excessive de ressources par cette cat\u00e9gorie de v\u00e9hicules.<\/em><\/p>\n\n\n\n<p id=\"block-5f88ef82-7489-467e-b8af-9287d14595f5\"><em>La motion vise \u00e0 lier la taxe sur les v\u00e9hicules \u00e0 moteur \u00e0 la consommation de carburant et \u00e0 l&#8217;espace occup\u00e9 par les v\u00e9hicules immatricul\u00e9s dans la ville de B\u00e2le. Les SUV, en particulier, sont cibl\u00e9s car leur nombre a augment\u00e9 ces derni\u00e8res ann\u00e9es \u00e0 B\u00e2le. La gauche argumente que la taxation accrue de ces v\u00e9hicules est n\u00e9cessaire pour r\u00e9duire les impacts environnementaux et lib\u00e9rer de l&#8217;espace sur les routes.<\/em><\/p>\n\n\n\n<p id=\"block-70964f46-28d3-4c0d-86de-4307de53a3ce\"><em>Cependant, la d\u00e9cision a rencontr\u00e9 une forte opposition de la part du gouvernement et des porte-parole des factions bourgeoises. Les opposants \u00e0 la motion ont mis en garde contre une &#8222;guerre de croyance \u00e9ternelle contre la voiture en g\u00e9n\u00e9ral&#8220;. Ils ont soulign\u00e9 que cette mesure pourrait \u00e9galement affecter les v\u00e9hicules \u00e9lectriques lourds.<\/em><\/p>\n\n\n\n<p id=\"block-744301a9-9df3-4cae-b3f0-7b16200f473b\"><em>La discussion sur la taxation des SUV et des v\u00e9hicules similaires n&#8217;est pas nouvelle et refl\u00e8te le d\u00e9bat continu sur les impacts environnementaux, la politique de transport et la mobilit\u00e9 individuelle. La d\u00e9cision du Grand Conseil devrait maintenant faire l&#8217;objet de discussions suppl\u00e9mentaires et, \u00e9ventuellement, de v\u00e9rifications l\u00e9gales avant d&#8217;\u00eatre mise en \u0153uvre dans une l\u00e9gislation concr\u00e8te.<\/em><\/p>\n\n\n\n<p id=\"block-02fbf2c0-e416-43a3-9789-58f5aa594fd3\"><strong>Italienisch:<\/strong> <strong>Costi in aumento per gli automobilisti: Il Gran Consiglio di Basilea chiede una maggiore tassazione degli SUV<\/strong><\/p>\n\n\n\n<p id=\"block-a13628b2-b8e2-477d-883b-0f1054439abf\"><em>In una decisione controversa, il Gran Consiglio di Basilea ha approvato mercoled\u00ec sera una mozione per aumentare la tassazione degli SUV (Sport Utility Vehicles) e dei fuoristrada. La sinistra della citt\u00e0 di Basilea ha prevalso con 54 voti a favore e 38 contrari, trasmettendo la mozione del Gran Consigliere Raphael Fuhrer (GAB) al governo. Le motivazioni di questa misura risiedono nell&#8217;enfasi sul consumo eccessivo di risorse da parte di questa categoria di veicoli.<\/em><\/p>\n\n\n\n<p id=\"block-d7edeeb8-1af3-45c5-93f2-c60543a80281\"><em>La mozione mira a collegare la tassa sui veicoli a motore al consumo di carburante e all&#8217;occupazione di spazio dei veicoli registrati nella citt\u00e0 di Basilea. Gli SUV sono particolarmente nel mirino, poich\u00e9 il loro numero \u00e8 aumentato negli ultimi anni a Basilea. La sinistra sostiene che una tassazione pi\u00f9 elevata di questi veicoli sia necessaria per ridurre gli impatti ambientali e liberare spazio sulle strade.<\/em><\/p>\n\n\n\n<p id=\"block-2a3c9572-bfa5-4950-8c73-e2cf1124e875\"><em>Tuttavia, la decisione ha incontrato una forte opposizione da parte del governo e dei portavoce delle fazioni borghesi. Gli oppositori della mozione hanno messo in guardia contro una &#8222;guerra di credenze eterna contro l&#8217;auto in generale&#8220;. Hanno sottolineato che questa misura potrebbe influenzare anche i veicoli elettrici pesanti.<\/em><\/p>\n\n\n\n<p id=\"block-0e3d7e80-b307-4758-9f7b-bee861ab1753\"><em>La discussione sulla tassazione degli SUV e dei veicoli simili non \u00e8 nuova e riflette il dibattito in corso sugli impatti ambientali, la politica dei trasporti e la mobilit\u00e0 individuale. La decisione del Gran Consiglio sar\u00e0 ora probabilmente soggetta a ulteriori discussioni e, eventualmente, a verifiche legali prima di essere implementata in una legislazione concreta.<\/em><\/p>\n","protected":false},"excerpt":{"rendered":"<p>H\u00f6here Kosten f\u00fcr Autofahrer: Basler Grosser Rat fordert verst\u00e4rkte Besteuerung von SUVs Cemil Baysal &#8211; In einer kontroversen Entscheidung hat der Basler Grosse Rat am Mittwochabend eine Motion zur Erh\u00f6hung der Besteuerung von SUVs (Sport Utility Vehicles) und Gel\u00e4ndewagen verabschiedet. Die basel-st\u00e4dtische Linke setzte sich mit 54 zu 38 Stimmen durch und \u00fcberwies die Motion [&hellip;]<\/p>\n","protected":false},"author":1,"featured_media":0,"comment_status":"open","ping_status":"open","sticky":false,"template":"","format":"standard","meta":{"footnotes":""},"categories":[14,5,2],"tags":[73],"class_list":["post-758","post","type-post","status-publish","format-standard","hentry","category-news","category-politik","category-schweiz","tag-basel-grossrat"],"aioseo_notices":[],"_links":{"self":[{"href":"https:\/\/isvicreninsesi.ch\/de\/wp-json\/wp\/v2\/posts\/758","targetHints":{"allow":["GET"]}}],"collection":[{"href":"https:\/\/isvicreninsesi.ch\/de\/wp-json\/wp\/v2\/posts"}],"about":[{"href":"https:\/\/isvicreninsesi.ch\/de\/wp-json\/wp\/v2\/types\/post"}],"author":[{"embeddable":true,"href":"https:\/\/isvicreninsesi.ch\/de\/wp-json\/wp\/v2\/users\/1"}],"replies":[{"embeddable":true,"href":"https:\/\/isvicreninsesi.ch\/de\/wp-json\/wp\/v2\/comments?post=758"}],"version-history":[{"count":1,"href":"https:\/\/isvicreninsesi.ch\/de\/wp-json\/wp\/v2\/posts\/758\/revisions"}],"predecessor-version":[{"id":760,"href":"https:\/\/isvicreninsesi.ch\/de\/wp-json\/wp\/v2\/posts\/758\/revisions\/760"}],"wp:attachment":[{"href":"https:\/\/isvicreninsesi.ch\/de\/wp-json\/wp\/v2\/media?parent=758"}],"wp:term":[{"taxonomy":"category","embeddable":true,"href":"https:\/\/isvicreninsesi.ch\/de\/wp-json\/wp\/v2\/categories?post=758"},{"taxonomy":"post_tag","embeddable":true,"href":"https:\/\/isvicreninsesi.ch\/de\/wp-json\/wp\/v2\/tags?post=758"}],"curies":[{"name":"wp","href":"https:\/\/api.w.org\/{rel}","templated":true}]}}