{"id":749,"date":"2024-01-17T19:59:15","date_gmt":"2024-01-17T16:59:15","guid":{"rendered":"https:\/\/isvicreninsesi.ch\/de\/?p=749"},"modified":"2024-01-17T19:59:16","modified_gmt":"2024-01-17T16:59:16","slug":"genfer-generalkonsulin-im-austausch-mit-kanton-wallis-praesident","status":"publish","type":"post","link":"https:\/\/isvicreninsesi.ch\/de\/genfer-generalkonsulin-im-austausch-mit-kanton-wallis-praesident\/","title":{"rendered":"Genfer Generalkonsulin im Austausch mit Kanton Wallis Pr\u00e4sident"},"content":{"rendered":"\n<p><strong>Genfer Generalkonsulin Ipek Zeytino\u011flu \u00d6zkan im Austausch mit Kanton Wallis Pr\u00e4sident Christophe Darbellay<\/strong><\/p>\n\n\n\n<p>In einer respektvollen Begegnung nahm die Genfer t\u00fcrkische Generalkonsulin Ipek Zeytino\u011flu \u00d6zkan an einem Treffen mit dem Pr\u00e4sidenten des Kantons Wallis, Christophe Darbellay, teil. Im Fokus der Diskussion standen Themen von besonderem Interesse f\u00fcr die t\u00fcrkische Gemeinschaft in der Schweiz und der Region, einschlie\u00dflich der Veranstaltungen zum 100. Jahrestag der Republik T\u00fcrkei sowie M\u00f6glichkeiten zur Intensivierung der Beziehungen zwischen der T\u00fcrkei und dem Kanton Wallis.<\/p>\n\n\n\n<p>Die Besprechung wurde von beiden Seiten als \u00e4u\u00dferst konstruktiv und fruchtbar empfunden. Die t\u00fcrkische Generalkonsulin bedankte sich herzlich bei Pr\u00e4sident Darbellay f\u00fcr die gastfreundliche Aufnahme und den ertragreichen Austausch. Im Zentrum der Gespr\u00e4che stand die herausragende Bedeutung einer vertieften Zusammenarbeit und eines verbesserten Verst\u00e4ndnisses zwischen der t\u00fcrkischen Gemeinschaft und den Beh\u00f6rden des Kantons Wallis.<\/p>\n\n\n\n<hr class=\"wp-block-separator has-alpha-channel-opacity\"\/>\n\n\n\n<p><strong>Franz\u00f6sisch:<\/strong> <strong>La Consule g\u00e9n\u00e9rale turque de Gen\u00e8ve, Ipek Zeytino\u011flu \u00d6zkan, en dialogue avec le Pr\u00e9sident du canton du Valais, Christophe Darbellay<\/strong><\/p>\n\n\n\n<p>Lors d&#8217;une rencontre respectueuse, la Consule g\u00e9n\u00e9rale turque de Gen\u00e8ve, Ipek Zeytino\u011flu \u00d6zkan, a particip\u00e9 \u00e0 une r\u00e9union avec le Pr\u00e9sident du canton du Valais, Christophe Darbellay. Au c\u0153ur des discussions se trouvaient des sujets d&#8217;un int\u00e9r\u00eat particulier pour la communaut\u00e9 turque en Suisse et dans la r\u00e9gion, notamment les \u00e9v\u00e9nements du 100e anniversaire de la R\u00e9publique turque, ainsi que les possibilit\u00e9s d&#8217;intensifier les relations entre la Turquie et le canton du Valais.<\/p>\n\n\n\n<p>La r\u00e9union a \u00e9t\u00e9 per\u00e7ue comme tr\u00e8s constructive et fructueuse des deux c\u00f4t\u00e9s. La Consule g\u00e9n\u00e9rale turque a chaleureusement remerci\u00e9 le Pr\u00e9sident Darbellay pour l&#8217;accueil chaleureux et les \u00e9changes productifs. Au c\u0153ur des discussions se trouvait l&#8217;importance cruciale d&#8217;une collaboration approfondie et d&#8217;une compr\u00e9hension am\u00e9lior\u00e9e entre la communaut\u00e9 turque et les autorit\u00e9s du canton du Valais.<\/p>\n\n\n\n<hr class=\"wp-block-separator has-alpha-channel-opacity\"\/>\n\n\n\n<p><strong>Italienisch:<\/strong> <strong>Il Console Generale turco di Ginevra, Ipek Zeytino\u011flu \u00d6zkan, in dialogo con il Presidente del Cantone Vallese, Christophe Darbellay<\/strong><\/p>\n\n\n\n<p>In un incontro rispettoso, il Console Generale turco di Ginevra, Ipek Zeytino\u011flu \u00d6zkan, ha partecipato a un incontro con il Presidente del Cantone Vallese, Christophe Darbellay. Al centro delle discussioni c&#8217;erano temi di particolare interesse per la comunit\u00e0 turca in Svizzera e nella regione, tra cui gli eventi del 100\u00b0 anniversario della Repubblica turca, oltre alle opportunit\u00e0 per intensificare i rapporti tra la Turchia e il Cantone Vallese.<\/p>\n\n\n\n<p>L&#8217;incontro \u00e8 stato considerato estremamente costruttivo e fruttuoso da entrambe le parti. Il Console Generale turco ha ringraziato calorosamente il Presidente Darbellay per l&#8217;accoglienza calorosa e gli scambi produttivi. Al centro delle discussioni c&#8217;era l&#8217;importanza cruciale di una collaborazione approfondita e di una comprensione migliorata tra la comunit\u00e0 turca e le autorit\u00e0 del Cantone Vallese.<\/p>\n\n\n\n<p>G\u00f6r\u00fc\u015fme, T\u00fcrkiye ile Valais Kantonu aras\u0131ndaki dostane ili\u015fkilerin g\u00fc\u00e7lenmesi ad\u0131na olumlu bir ad\u0131m olarak de\u011ferlendiriliyor. Ba\u015fkonsolos \u0130pek Zeytino\u011flu \u00d6zkan ve Valais Kantonu Ba\u015fkan\u0131 Darbellay, kar\u015f\u0131l\u0131kl\u0131 anlay\u0131\u015f ve i\u015fbirli\u011fi ruhuyla, gelecekteki ortak projelerin ve etkinliklerin geli\u015ftirilmesine y\u00f6nelik bir temel att\u0131lar. Bu ziyaret, T\u00fcrkiye ve Valais Kantonu aras\u0131ndaki k\u00fclt\u00fcrel ve diplomatik ba\u011flar\u0131 g\u00fc\u00e7lendirmeye y\u00f6nelik \u00f6nemli bir ad\u0131m olarak kay\u0131tlara ge\u00e7ti.<\/p>\n\n\n\n<figure class=\"wp-block-image size-full\"><img decoding=\"async\" src=\"https:\/\/isvicreninsesi.ch\/wp-content\/uploads\/2024\/01\/ipek8.jpg\" alt=\"\" class=\"wp-image-1055\"\/><\/figure>\n\n\n\n<p><\/p>\n\n\n\n<figure class=\"wp-block-gallery has-nested-images columns-default is-cropped wp-block-gallery-1 is-layout-flex wp-block-gallery-is-layout-flex\">\n<figure class=\"wp-block-image size-large\"><img decoding=\"async\" data-id=\"1056\" src=\"https:\/\/isvicreninsesi.ch\/wp-content\/uploads\/2024\/01\/ipek.jpg\" alt=\"\" class=\"wp-image-1056\"\/><\/figure>\n\n\n\n<figure class=\"wp-block-image size-large\"><img decoding=\"async\" data-id=\"1061\" src=\"https:\/\/isvicreninsesi.ch\/wp-content\/uploads\/2024\/01\/ipek7-683x1024.jpg\" alt=\"\" class=\"wp-image-1061\"\/><\/figure>\n<\/figure>\n\n\n\n<p><\/p>\n\n\n\n<figure class=\"wp-block-image size-full\"><img decoding=\"async\" src=\"https:\/\/isvicreninsesi.ch\/wp-content\/uploads\/2024\/01\/ipek4.jpg\" alt=\"\" class=\"wp-image-1059\"\/><\/figure>\n\n\n\n<p><\/p>\n\n\n\n<figure class=\"wp-block-image size-full\"><img decoding=\"async\" src=\"https:\/\/isvicreninsesi.ch\/wp-content\/uploads\/2024\/01\/ipek5.jpg\" alt=\"\" class=\"wp-image-1060\"\/><\/figure>\n\n\n\n<p><\/p>\n\n\n\n<p><\/p>\n","protected":false},"excerpt":{"rendered":"<p>Genfer Generalkonsulin Ipek Zeytino\u011flu \u00d6zkan im Austausch mit Kanton Wallis Pr\u00e4sident Christophe Darbellay In einer respektvollen Begegnung nahm die Genfer t\u00fcrkische Generalkonsulin Ipek Zeytino\u011flu \u00d6zkan an einem Treffen mit dem Pr\u00e4sidenten des Kantons Wallis, Christophe Darbellay, teil. Im Fokus der Diskussion standen Themen von besonderem Interesse f\u00fcr die t\u00fcrkische Gemeinschaft in der Schweiz und der [&hellip;]<\/p>\n","protected":false},"author":1,"featured_media":0,"comment_status":"open","ping_status":"open","sticky":false,"template":"","format":"standard","meta":{"footnotes":""},"categories":[7,8,5,2],"tags":[71],"class_list":["post-749","post","type-post","status-publish","format-standard","hentry","category-hit","category-kunst-kultur","category-politik","category-schweiz","tag-ipek-zeytinoglu-cenevre"],"aioseo_notices":[],"_links":{"self":[{"href":"https:\/\/isvicreninsesi.ch\/de\/wp-json\/wp\/v2\/posts\/749","targetHints":{"allow":["GET"]}}],"collection":[{"href":"https:\/\/isvicreninsesi.ch\/de\/wp-json\/wp\/v2\/posts"}],"about":[{"href":"https:\/\/isvicreninsesi.ch\/de\/wp-json\/wp\/v2\/types\/post"}],"author":[{"embeddable":true,"href":"https:\/\/isvicreninsesi.ch\/de\/wp-json\/wp\/v2\/users\/1"}],"replies":[{"embeddable":true,"href":"https:\/\/isvicreninsesi.ch\/de\/wp-json\/wp\/v2\/comments?post=749"}],"version-history":[{"count":1,"href":"https:\/\/isvicreninsesi.ch\/de\/wp-json\/wp\/v2\/posts\/749\/revisions"}],"predecessor-version":[{"id":751,"href":"https:\/\/isvicreninsesi.ch\/de\/wp-json\/wp\/v2\/posts\/749\/revisions\/751"}],"wp:attachment":[{"href":"https:\/\/isvicreninsesi.ch\/de\/wp-json\/wp\/v2\/media?parent=749"}],"wp:term":[{"taxonomy":"category","embeddable":true,"href":"https:\/\/isvicreninsesi.ch\/de\/wp-json\/wp\/v2\/categories?post=749"},{"taxonomy":"post_tag","embeddable":true,"href":"https:\/\/isvicreninsesi.ch\/de\/wp-json\/wp\/v2\/tags?post=749"}],"curies":[{"name":"wp","href":"https:\/\/api.w.org\/{rel}","templated":true}]}}