{"id":743,"date":"2024-01-17T17:43:56","date_gmt":"2024-01-17T14:43:56","guid":{"rendered":"https:\/\/isvicreninsesi.ch\/de\/?p=743"},"modified":"2024-01-17T18:53:54","modified_gmt":"2024-01-17T15:53:54","slug":"einladung-zum-kunstapero-zugunsten-der-stiftung-kinder-schweiz","status":"publish","type":"post","link":"https:\/\/isvicreninsesi.ch\/de\/einladung-zum-kunstapero-zugunsten-der-stiftung-kinder-schweiz\/","title":{"rendered":"Einladung zum Kunstapero zugunsten der Stiftung f\u00fcr Kinder in der Schweiz"},"content":{"rendered":"\n<p>Liebe Kunstfreunde und G\u00f6nner,<\/p>\n\n\n\n<p>Es ist uns eine grosse Freude, euch zu einem aussergew\u00f6hnlichen Ereignis einzuladen: Dem Kunstapero zugunsten der Stiftung Kinder Schweiz, kunstvoll inszeniert von Daniel Weber-Carocari.<\/p>\n\n\n\n<p>Das Event findet am 1. Februar 2024 um 19:00 Uhr in den inspirierenden R\u00e4umlichkeiten der Lerchenb\u00fchlstr. 34 in Luzern Meggen statt.<\/p>\n\n\n\n<p>Taucht ein in eine Welt, in der Kunst und Wohlt\u00e4tigkeit sich vereinen. Der Kunstapero markiert den Auftakt der Versteigerung einer einzigartigen Skulptur, deren Erl\u00f6s Stiftung f\u00fcr Kinder in der Schweiz (kinderstiftung.info) unterst\u00fctzt. Daniel Weber-Carocari, unser Gastgeber und Initiator, l\u00e4dt Kunstliebhaber und Wohlt\u00e4ter dazu ein, Teil dieses kreativen und wohlt\u00e4tigen Events zu werden und gemeinsam Stiftung f\u00fcr Kinder in der Schweiz  durch die Magie der Kunst zu st\u00e4rken.<\/p>\n\n\n\n<p>Der Kunstapero verspricht eine Atmosph\u00e4re voller Kreativit\u00e4t und Solidarit\u00e4t. G\u00e4ste mit unterschiedlichen Hintergr\u00fcnden und Interessen werden zusammenkommen, um nicht nur die Kunst zu w\u00fcrdigen, sondern auch einen bedeutsamen Beitrag f\u00fcr die Stiftung f\u00fcr Kinder in der Schweiz  u leisten.<\/p>\n\n\n\n<p>Der H\u00f6hepunkt des Abends wird zweifellos die Versteigerung der Skulptur sein. In einem ansprechenden Ambiente haben die G\u00e4ste die M\u00f6glichkeit, f\u00fcr einen guten Zweck zu bieten. Daniel Weber-Carocari, als Initiator dieses Events, strahlt Optimismus und Engagement aus, um die Unterst\u00fctzung Stiftung f\u00fcr Kinder in der Schweiz  zu f\u00f6rdern.<\/p>\n\n\n\n<p>Der Kunstapero verspricht, ein Erfolg auf vielen Ebenen zu sein: Er wird Kunstliebhaber und Unterst\u00fctzer der Stiftung f\u00fcr Kinder in der Schweiz  zusammenbringen und ein klares Zeichen f\u00fcr die Bedeutung von Wohlt\u00e4tigkeit durch Kunst setzen.<\/p>\n\n\n\n<p>P.S.: Wir m\u00f6chten euch auf eine gemeinn\u00fctzige Versteigerung hinweisen, die dem Zweck dient, notleidende Kinder in der Schweiz zu unterst\u00fctzen. Ihr k\u00f6nnt an dieser Versteigerung teilnehmen und euch die einzigartige Skulptur &#8222;Tender Love&#8220; von Daniel Weber sichern. Der gesamte Versteigerungsbetrag wird zu 100 % an die Stiftung f\u00fcr Kinder in der Schweiz \u00fcbergeben und kommt den notleidenden Kindern zugute. Weitere Informationen und die M\u00f6glichkeit zur Gebotsabgabe findet ihr auf der angegebenen Website. Die Versteigerung wird mit 500 CHF beginnen. Danach endet die Versteigerung nach 10 Tagen, und das Kunstwerk geht an den H\u00f6chstbietenden.<\/p>\n\n\n\n<p>Programmablauf des Abends:<\/p>\n\n\n\n<p>19:00 Uhr: Beginn der Vernissage mit H\u00e4ppchen<\/p>\n\n\n\n<p>20:00 Uhr: Vorstellung des K\u00fcnstlers<\/p>\n\n\n\n<p>20:30 Uhr: Pr\u00e4sentation der Stiftung f\u00fcr Kinder in der Schweiz  \/ Start der Versteigerung<\/p>\n\n\n\n<p>Anschlie\u00dfend: Musik-Aperitif mit Gesangseinlagen von &#8222;Vivienne&#8220; bis zum Ende um 22:00 Uhr.<\/p>\n\n\n\n<p><\/p>\n\n\n\n<figure class=\"wp-block-image size-large is-resized\"><img decoding=\"async\" src=\"https:\/\/swissperspektive.ch\/wp-content\/uploads\/2024\/01\/be92e70f-951f-4d91-aa9f-86623b7d86fc-768x1024.jpg\" alt=\"\" class=\"wp-image-1078\" style=\"width:498px;height:auto\"\/><figcaption class=\"wp-element-caption\">Bild : <strong><mark style=\"background-color:rgba(0, 0, 0, 0);color:#a66d7b\" class=\"has-inline-color\">Vivienne Denia Weber absolviert derzeit die 4-j\u00e4hrige Ausbildung zur Musical-Darstellerin an der Akademie SAMTS in Adliswil\/Z\u00fcrich.<\/mark><\/strong><\/figcaption><\/figure>\n\n\n\n<p>Die Platzanzahl ist begrenzt, daher bitten wir um eine fr\u00fchzeitige Anmeldung.<\/p>\n\n\n\n<p>Anmeldung erforderlich bis 29.01.2024 Webseite: <a href=\"http:\/\/www.artigiano.li\/\">www.artigiano.li<\/a><\/p>\n\n\n\n<p>Vielen Dank f\u00fcr eure grossz\u00fcgige Unterst\u00fctzung! Wir freuen uns auf euer zahlreiches Erscheinen!<\/p>\n\n\n\n<h2 class=\"wp-block-heading\">Partner&nbsp;&nbsp;&nbsp;&nbsp;&nbsp;&nbsp;&nbsp;&nbsp;&nbsp;&nbsp; &nbsp;&nbsp;&nbsp;&nbsp;&nbsp;&nbsp;&nbsp;&nbsp;&nbsp;&nbsp;&nbsp; : <a href=\"https:\/\/kinderstiftung.info\/de\/\">Stiftung f\u00fcr Kinder in der Schweiz <\/a><\/h2>\n\n\n\n<p>Getr\u00e4nkesponsor&nbsp;&nbsp;&nbsp;&nbsp;&nbsp;&nbsp;&nbsp;&nbsp;&nbsp;&nbsp; : <a href=\"http:\/\/www.set-ag.ch\/\">Set AG Sempach<\/a><\/p>\n\n\n\n<p>Medienpartner &nbsp;&nbsp;&nbsp;&nbsp;&nbsp;&nbsp;&nbsp;&nbsp;&nbsp;&nbsp;&nbsp;&nbsp;&nbsp; &nbsp;&nbsp;&nbsp;&nbsp;&nbsp;&nbsp;&nbsp;&nbsp;&nbsp;&nbsp;&nbsp;&nbsp;&nbsp; : <a href=\"https:\/\/nazarmagazin.com\/\">Nazar Kulturmagazin<\/a> \/ <a href=\"https:\/\/www.luzernerzeitung.ch\/\">Luzerner Zeitung<\/a> \/ <a href=\"https:\/\/swissperspektive.ch\/\">Swissperspektive<\/a><\/p>\n\n\n\n<figure class=\"wp-block-image size-large\"><img decoding=\"async\" src=\"https:\/\/swissperspektive.ch\/wp-content\/uploads\/2024\/01\/Logo-fuer-Webseite-scaled-1-1024x687.jpg\" alt=\"\" class=\"wp-image-1075\"\/><\/figure>\n\n\n\n<p><a href=\"http:\/\/www.kinderstiftung.info\">www.kinderstiftung.info<\/a> <\/p>\n\n\n\n<p><\/p>\n\n\n\n<figure class=\"wp-block-image size-large is-resized\"><img decoding=\"async\" src=\"https:\/\/nazarmagazin.com\/wp-content\/uploads\/2023\/12\/artigiano_Portrait_Daniel-Weber-1-682x1024.png\" alt=\"\" class=\"wp-image-5318\" style=\"width:474px;height:auto\"\/><\/figure>\n\n\n\n<p>Bilder und mehr Info \u00fcber Daniel Weber: <a href=\"https:\/\/artigiano.li\/artigiano\/https:\/\/swissperspektive.ch\/kunst-aus-talcusstein-die-visionen-des-daniel-weber-carocari\/\">Link<\/a><\/p>\n\n\n\n<figure class=\"wp-block-image size-large\"><img decoding=\"async\" src=\"https:\/\/nazarmagazin.com\/wp-content\/uploads\/2023\/12\/artigiano_Atelier_002-1870x1247-1-1024x683.jpg\" alt=\"\" class=\"wp-image-5308\"\/><\/figure>\n\n\n\n<figure class=\"wp-block-gallery has-nested-images columns-default is-cropped wp-block-gallery-1 is-layout-flex wp-block-gallery-is-layout-flex\">\n<figure class=\"wp-block-image size-large\"><img decoding=\"async\" data-id=\"5309\" src=\"https:\/\/nazarmagazin.com\/wp-content\/uploads\/2023\/12\/001_DB-Uno_001-scaled-1-718x1024.jpg\" alt=\"\" class=\"wp-image-5309\"\/><\/figure>\n\n\n\n<figure class=\"wp-block-image size-large\"><img decoding=\"async\" data-id=\"5310\" src=\"https:\/\/nazarmagazin.com\/wp-content\/uploads\/2023\/12\/003_Donna-Uno_001-scaled-1-640x1024.jpg\" alt=\"\" class=\"wp-image-5310\"\/><\/figure>\n\n\n\n<figure class=\"wp-block-image size-large\"><img decoding=\"async\" data-id=\"5311\" src=\"https:\/\/nazarmagazin.com\/wp-content\/uploads\/2023\/12\/004_Inspiration-C_001-scaled-1-656x1024.jpg\" alt=\"\" class=\"wp-image-5311\"\/><\/figure>\n\n\n\n<figure class=\"wp-block-image size-large\"><img decoding=\"async\" data-id=\"5312\" src=\"https:\/\/nazarmagazin.com\/wp-content\/uploads\/2023\/12\/007_Donna-Tre_001-scaled-1-668x1024.jpg\" alt=\"\" class=\"wp-image-5312\"\/><\/figure>\n\n\n\n<figure class=\"wp-block-image size-large\"><img decoding=\"async\" data-id=\"5313\" src=\"https:\/\/nazarmagazin.com\/wp-content\/uploads\/2023\/12\/011_2016_002-scaled-1-735x1024.jpg\" alt=\"\" class=\"wp-image-5313\"\/><\/figure>\n\n\n\n<figure class=\"wp-block-image size-large\"><img decoding=\"async\" data-id=\"5314\" src=\"https:\/\/nazarmagazin.com\/wp-content\/uploads\/2023\/12\/012_2002_002-scaled-1-735x1024.jpg\" alt=\"\" class=\"wp-image-5314\"\/><\/figure>\n<\/figure>\n\n\n\n<p>Mehr \u00fcber <em>Daniel Weber :<a href=\"https:\/\/artigiano.li\/artigiano\/\" target=\"_blank\" rel=\"noreferrer noopener\" title=\"https:\/\/artigiano.li\/artigiano\/\"> Hier klicken<\/a><\/em><\/p>\n\n\n\n<p><strong>Franz\u00f6sisch:<\/strong><\/p>\n\n\n\n<p>Chers amis et soutiens de l&#8217;art,<\/p>\n\n\n\n<p>Invitation \u00e0 l&#8217;Artap\u00e9ro au profit de la Fondation Kinder Schweiz<\/p>\n\n\n\n<p>C&#8217;est avec une grande joie que nous vous convions \u00e0 un \u00e9v\u00e9nement exceptionnel : l&#8217;Artap\u00e9ro au profit de la Fondation Kinder Schweiz, orchestr\u00e9 avec art par Daniel Weber-Carocari.<\/p>\n\n\n\n<p>L&#8217;\u00e9v\u00e9nement aura lieu le 1er f\u00e9vrier 2024 \u00e0 19h00 dans les locaux inspirants de Lerchenb\u00fchlstr. 34 \u00e0 Meggen.<\/p>\n\n\n\n<p>Plongez dans un univers o\u00f9 l&#8217;art et la bienfaisance se rencontrent. L&#8217;Artap\u00e9ro marque le d\u00e9but de la vente aux ench\u00e8res d&#8217;une sculpture unique, dont le produit soutiendra la Fondation Kinder Schweiz. Daniel Weber-Carocari, notre h\u00f4te et initiateur, invite les amateurs d&#8217;art et les bienfaiteurs \u00e0 faire partie de cet \u00e9v\u00e9nement cr\u00e9atif et charitable, renfor\u00e7ant ensemble la Fondation Kinder Schweiz \u00e0 travers la magie de l&#8217;art.<\/p>\n\n\n\n<p>L&#8217;Artap\u00e9ro promet une atmosph\u00e8re emplie de cr\u00e9ativit\u00e9 et de solidarit\u00e9. Des invit\u00e9s aux horizons et int\u00e9r\u00eats vari\u00e9s se r\u00e9uniront pour non seulement appr\u00e9cier l&#8217;art, mais aussi apporter une contribution significative \u00e0 la Fondation Kinder Schweiz.<\/p>\n\n\n\n<p>Le point culminant de la soir\u00e9e sera sans aucun doute la vente aux ench\u00e8res de la sculpture. Dans un cadre attrayant, les invit\u00e9s auront l&#8217;opportunit\u00e9 de faire des offres \u00e0 des fins caritatives. Daniel Weber-Carocari, en tant qu&#8217;instigateur de cet \u00e9v\u00e9nement, rayonne d&#8217;optimisme et d&#8217;engagement pour promouvoir le soutien aux enfants en Suisse.<\/p>\n\n\n\n<p>L&#8217;Artap\u00e9ro s&#8217;annonce comme un succ\u00e8s \u00e0 plusieurs niveaux : il r\u00e9unira les amateurs d&#8217;art et les supporters de la Fondation Kinder Schweiz, et t\u00e9moignera clairement de l&#8217;importance de la bienfaisance par l&#8217;art.<\/p>\n\n\n\n<p>P.S. : Nous tenons \u00e0 attirer votre attention sur une vente aux ench\u00e8res \u00e0 but non lucratif visant \u00e0 soutenir les enfants d\u00e9favoris\u00e9s en Suisse. Vous pouvez participer \u00e0 cette vente aux ench\u00e8res et acqu\u00e9rir la sculpture unique &#8222;Tender Love&#8220; de Daniel Weber. Le montant total de la vente aux ench\u00e8res sera int\u00e9gralement revers\u00e9 \u00e0 la Fondation pour les Enfants en Suisse, b\u00e9n\u00e9ficiant ainsi aux enfants dans le besoin. Pour plus d&#8217;informations et la possibilit\u00e9 de soumission, veuillez consulter le site Web indiqu\u00e9. La vente aux ench\u00e8res d\u00e9butera \u00e0 500 CHF. Ensuite, elle se cl\u00f4turera apr\u00e8s 10 jours, et l&#8217;\u0153uvre d&#8217;art ira au plus offrant.<\/p>\n\n\n\n<p>D\u00e9roulement de la soir\u00e9e :<\/p>\n\n\n\n<p>19h00 : D\u00e9but du vernissage avec des amuse-bouches<\/p>\n\n\n\n<p>20h00 : Pr\u00e9sentation de l&#8217;artiste<\/p>\n\n\n\n<p>20h30 : Pr\u00e9sentation de la Fondation pour les enfants \/ D\u00e9but de la vente aux ench\u00e8res<\/p>\n\n\n\n<p>Ensuite : Ap\u00e9ritif musical avec des performances vocales de &#8222;Vivienne&#8220; jusqu&#8217;\u00e0 la fin \u00e0 22h00.<\/p>\n\n\n\n<p> Vivienne Denia Weber poursuit actuellement sa formation de 4 ans en tant que com\u00e9dienne musicale \u00e0 l&#8217;Acad\u00e9mie SAMTS \u00e0 Adliswil\/Zurich.<\/p>\n\n\n\n<p>Le nombre de places \u00e9tant limit\u00e9, nous vous prions de vous inscrire t\u00f4t.<\/p>\n\n\n\n<p>Inscription obligatoire jusqu&#8217;au 29.01.2024 Site Web : <a href=\"http:\/\/www.artigiano.li\/\">www.artigiano.li<\/a><\/p>\n\n\n\n<p>Un grand merci pour votre g\u00e9n\u00e9reux soutien ! Nous nous r\u00e9jouissons de votre nombreuse pr\u00e9sence !<\/p>\n\n\n\n<p>Partenaire : Fondation pour les enfants en Suisse<\/p>\n\n\n\n<p>Sponsor des boissons : Set AG Sempach<\/p>\n\n\n\n<p>Partenaires m\u00e9dias : Nazar Kulturmagazin \/ Luzerner Zeitung \/ Swissperspektive<\/p>\n\n\n\n<p><a href=\"http:\/\/www.kinderstiftung.info\/\">www.kinderstiftung.info<\/a><\/p>\n\n\n\n<p>Images et plus d&#8217;informations sur Daniel Weber : Lien<\/p>\n\n\n\n<p>Plus d&#8217;informations sur Daniel Weber : <a href=\"http:\/\/www.artigiano.li\" title=\"Cliquez ici\">Cliquez ici<\/a><\/p>\n\n\n\n<p><strong>Italienisch:<\/strong><\/p>\n\n\n\n<p>Cari amanti dell&#8217;arte e sostenitori,<\/p>\n\n\n\n<p>Invito all&#8217;Artapero a favore della Fondazione Kinder Schweiz<\/p>\n\n\n\n<p>\u00c8 con grande gioia che vi invitiamo a un evento straordinario: l&#8217;Artapero a favore della Fondazione Kinder Schweiz, splendidamente orchestrato da Daniel Weber-Carocari.<\/p>\n\n\n\n<p>L&#8217;evento si terr\u00e0 il 1\u00b0 febbraio 2024 alle 19:00 nei suggestivi spazi di Lerchenb\u00fchlstr. 34 a Meggen.<\/p>\n\n\n\n<p>Immergetevi in un mondo in cui l&#8217;arte e la beneficenza si fondono. L&#8217;Artapero segna l&#8217;inizio dell&#8217;asta di una scultura unica, il cui ricavato supporter\u00e0 la Fondazione Kinder Schweiz. Daniel Weber-Carocari, il nostro ospite e promotore, invita gli amanti dell&#8217;arte e i benefattori a diventare parte di questo evento creativo e benefico, rafforzando insieme la Fondazione Kinder Schweiz attraverso la magia dell&#8217;arte.<\/p>\n\n\n\n<p>L&#8217;Artapero promette un&#8217;atmosfera ricca di creativit\u00e0 e solidariet\u00e0. Ospiti con background e interessi diversi si uniranno non solo per apprezzare l&#8217;arte, ma anche per apportare un contributo significativo alla Fondazione Kinder Schweiz.<\/p>\n\n\n\n<p>Il momento clou della serata sar\u00e0 senza dubbio l&#8217;asta della scultura. In un ambiente accattivante, gli ospiti avranno l&#8217;opportunit\u00e0 di fare offerte a scopo benefico. Daniel Weber-Carocari, in qualit\u00e0 di promotore di questo evento, irradia ottimismo e impegno per promuovere il sostegno ai bambini in Svizzera.<\/p>\n\n\n\n<p>L&#8217;Artapero si preannuncia come un successo su molteplici livelli: riunir\u00e0 gli amanti dell&#8217;arte e i sostenitori della Fondazione Kinder Schweiz, e segner\u00e0 chiaramente l&#8217;importanza della beneficenza attraverso l&#8217;arte.<\/p>\n\n\n\n<p>P.S.: Vorremmo attirare la vostra attenzione su un&#8217;asta non profit finalizzata a sostenere i bambini bisognosi in Svizzera. Potete partecipare a quest&#8217;asta e assicurarvi la scultura unica &#8222;Tender Love&#8220; di Daniel Weber. L&#8217;intero importo dell&#8217;asta sar\u00e0 devoluto al 100% alla Fondazione per i Bambini in Svizzera, beneficiando cos\u00ec ai bambini bisognosi. Per ulteriori informazioni e la possibilit\u00e0 di fare offerte, vi invitiamo a visitare il sito web indicato. L&#8217;asta partir\u00e0 da 500 CHF. Successivamente, si concluder\u00e0 dopo 10 giorni, e l&#8217;opera d&#8217;arte andr\u00e0 al miglior offerente.<\/p>\n\n\n\n<p>Programma della serata:<\/p>\n\n\n\n<p>19:00 &#8211; Inizio del vernissage con stuzzichini<\/p>\n\n\n\n<p>20:00 &#8211; Presentazione dell&#8217;artista<\/p>\n\n\n\n<p>20:30 &#8211; Presentazione della Fondazione per i bambini \/ Inizio dell&#8217;asta<\/p>\n\n\n\n<p>A seguire: Aperitivo musicale con esibizioni vocali di &#8222;Vivienne&#8220; fino alle 22:00.<\/p>\n\n\n\n<p> Vivienne Denia Weber sta attualmente completando un corso quadriennale per diventare una performer musicale presso l&#8217;Accademia SAMTS ad Adliswil\/Zurigo.<\/p>\n\n\n\n<p>I posti sono limitati, quindi vi preghiamo di iscrivervi in anticipo.<\/p>\n\n\n\n<p>Iscrizione obbligatoria entro il 29.01.2024 Sito web: <a href=\"http:\/\/www.artigiano.li\/\">www.artigiano.li<\/a><\/p>\n\n\n\n<p>Grazie infinite per il vostro generoso supporto! Non vediamo l&#8217;ora di vedervi numerosi!<\/p>\n\n\n\n<p>Partner: Fondazione per i bambini in Svizzera<\/p>\n\n\n\n<p>Sponsor delle bevande: Set AG Sempach<\/p>\n\n\n\n<p>Partner media: Nazar Kulturmagazin \/ Luzerner Zeitung \/ Swissperspektive<\/p>\n\n\n\n<p><a href=\"http:\/\/www.kinderstiftung.info\/\">www.kinderstiftung.info<\/a><\/p>\n\n\n\n<p>Immagini e ulteriori informazioni su Daniel Weber: Link<\/p>\n\n\n\n<p>Ulteriori informazioni su Daniel Weber: <a href=\"http:\/\/www.artigiano.li\" title=\"Clicca qui\">Clicca qui<\/a><\/p>\n","protected":false},"excerpt":{"rendered":"<p>Liebe Kunstfreunde und G\u00f6nner, Es ist uns eine grosse Freude, euch zu einem aussergew\u00f6hnlichen Ereignis einzuladen: Dem Kunstapero zugunsten der Stiftung Kinder Schweiz, kunstvoll inszeniert von Daniel Weber-Carocari. Das Event findet am 1. Februar 2024 um 19:00 Uhr in den inspirierenden R\u00e4umlichkeiten der Lerchenb\u00fchlstr. 34 in Luzern Meggen statt. Taucht ein in eine Welt, in [&hellip;]<\/p>\n","protected":false},"author":1,"featured_media":0,"comment_status":"open","ping_status":"open","sticky":false,"template":"","format":"standard","meta":{"footnotes":""},"categories":[8,14,2],"tags":[],"class_list":["post-743","post","type-post","status-publish","format-standard","hentry","category-kunst-kultur","category-news","category-schweiz"],"aioseo_notices":[],"_links":{"self":[{"href":"https:\/\/isvicreninsesi.ch\/de\/wp-json\/wp\/v2\/posts\/743","targetHints":{"allow":["GET"]}}],"collection":[{"href":"https:\/\/isvicreninsesi.ch\/de\/wp-json\/wp\/v2\/posts"}],"about":[{"href":"https:\/\/isvicreninsesi.ch\/de\/wp-json\/wp\/v2\/types\/post"}],"author":[{"embeddable":true,"href":"https:\/\/isvicreninsesi.ch\/de\/wp-json\/wp\/v2\/users\/1"}],"replies":[{"embeddable":true,"href":"https:\/\/isvicreninsesi.ch\/de\/wp-json\/wp\/v2\/comments?post=743"}],"version-history":[{"count":3,"href":"https:\/\/isvicreninsesi.ch\/de\/wp-json\/wp\/v2\/posts\/743\/revisions"}],"predecessor-version":[{"id":748,"href":"https:\/\/isvicreninsesi.ch\/de\/wp-json\/wp\/v2\/posts\/743\/revisions\/748"}],"wp:attachment":[{"href":"https:\/\/isvicreninsesi.ch\/de\/wp-json\/wp\/v2\/media?parent=743"}],"wp:term":[{"taxonomy":"category","embeddable":true,"href":"https:\/\/isvicreninsesi.ch\/de\/wp-json\/wp\/v2\/categories?post=743"},{"taxonomy":"post_tag","embeddable":true,"href":"https:\/\/isvicreninsesi.ch\/de\/wp-json\/wp\/v2\/tags?post=743"}],"curies":[{"name":"wp","href":"https:\/\/api.w.org\/{rel}","templated":true}]}}