{"id":716,"date":"2024-01-16T13:56:43","date_gmt":"2024-01-16T10:56:43","guid":{"rendered":"https:\/\/isvicreninsesi.ch\/de\/?p=716"},"modified":"2024-01-16T23:51:41","modified_gmt":"2024-01-16T20:51:41","slug":"lachtraenen-und-erfolg-im-einstein-st-gallen","status":"publish","type":"post","link":"https:\/\/isvicreninsesi.ch\/de\/lachtraenen-und-erfolg-im-einstein-st-gallen\/","title":{"rendered":"Lachtr\u00e4nen und Erfolg im Einstein St. Gallen"},"content":{"rendered":"\n<p>Pre<strong>miere des St. Galler Comedy Awards: Lachtr\u00e4nen und Erfolg im Einstein St. Gallen<\/strong><\/p>\n\n\n\n<p>Am Freitag, den 12. Januar, feierte das Einstein St. Gallen nicht nur sein 40-j\u00e4hriges Jubil\u00e4um, sondern auch eine bahnbrechende Premiere &#8211; die erste St. Galler Comedy-Nacht. Mit insgesamt 300 begeisterten Besuchern, darunter die St. Galler Stadtpr\u00e4sidentin Maria Pappa, erwies sich die Veranstaltung als gro\u00dfer Erfolg.<\/p>\n\n\n\n<p>Auf der B\u00fchne brachten renommierte Schweizer Comedians, darunter de Ch\u00e4ller, Ivanka Vuletic, S\u2019Rindlisbachers und Kiko, das Publikum zum Toben. Die Moderation des Abends \u00fcbernahm Richard Fischbacher, bekannt als Stadionsprecher des FC St. Gallen und Kultmoderator.<\/p>\n\n\n\n<p>Ein besonderes Highlight des Abends war zweifellos die Verleihung des ersten St. Galler Comedy Awards. Durch ein Publikumsvoting im Vorfeld und die Stimmen einer ausgew\u00e4hlten Fachjury wurde Kiko zum verdienten Gewinner gek\u00fcrt. Seine humorvollen Anekdoten sorgten bei der Premiere der St. Galler Comedy-Nacht f\u00fcr herzhaftes Gel\u00e4chter.<\/p>\n\n\n\n<p>Michael Vogt, der Direktor des Hotel Einstein St. Gallen, \u00e4u\u00dferte sich begeistert: &#8222;Der Abend war ein voller Erfolg und stie\u00df auf gro\u00dfe Begeisterung, weshalb wir uns entschieden haben, ihn zu wiederholen &#8211; merken Sie sich bereits den 10. Januar 2025 vor&#8220;.<\/p>\n\n\n\n<p>Die Vorfreude auf einen weiteren Abend voller stimmungsvoller Unterhaltung, Freude und Lachtr\u00e4nen ist bereits jetzt sp\u00fcrbar. Der St. Galler Comedy Award hat nicht nur gelacht, sondern auch bewiesen, dass die humorvolle Seite der Schweiz eine B\u00fchne verdient.<\/p>\n\n\n\n<figure class=\"wp-block-image size-large\"><img decoding=\"async\" src=\"https:\/\/swissperspektive.ch\/wp-content\/uploads\/2024\/01\/Fischbacher_S-Rindlisbachers_Ivanka-Vuletic_Beat-Mueller_Maria-Pappa_KiKo_M.Vogt-min-min-min-1-1024x683.jpg\" alt=\"\" class=\"wp-image-1043\"\/><\/figure>\n\n\n\n<figure class=\"wp-block-gallery has-nested-images columns-default is-cropped wp-block-gallery-1 is-layout-flex wp-block-gallery-is-layout-flex\">\n<figure class=\"wp-block-image size-large\"><img decoding=\"async\" data-id=\"1042\" src=\"https:\/\/swissperspektive.ch\/wp-content\/uploads\/2024\/01\/Einstein-St.Gallen_Winter-min-min-min-1024x683.jpg\" alt=\"\" class=\"wp-image-1042\"\/><\/figure>\n\n\n\n<figure class=\"wp-block-image size-large\"><img decoding=\"async\" data-id=\"1044\" src=\"https:\/\/swissperspektive.ch\/wp-content\/uploads\/2024\/01\/Logo-St.Galler-Comedy-Nacht-min-min-min-1024x955.jpg\" alt=\"\" class=\"wp-image-1044\"\/><\/figure>\n\n\n\n<figure class=\"wp-block-image size-large\"><img decoding=\"async\" data-id=\"1045\" src=\"https:\/\/swissperspektive.ch\/wp-content\/uploads\/2024\/01\/SG-Comedy-Award-2024-min-min-min-683x1024.jpg\" alt=\"\" class=\"wp-image-1045\"\/><\/figure>\n\n\n\n<figure class=\"wp-block-image size-large\"><img decoding=\"async\" data-id=\"1046\" src=\"https:\/\/swissperspektive.ch\/wp-content\/uploads\/2024\/01\/SG-Comedy-Night_Moderation_Richard-Fischbacher-min-min-1024x683.jpg\" alt=\"\" class=\"wp-image-1046\"\/><\/figure>\n\n\n\n<figure class=\"wp-block-image size-large\"><img decoding=\"async\" data-id=\"1047\" src=\"https:\/\/swissperspektive.ch\/wp-content\/uploads\/2024\/01\/SG_Comedy_Night_Chaeller-min-min-1024x683.jpg\" alt=\"\" class=\"wp-image-1047\"\/><\/figure>\n\n\n\n<figure class=\"wp-block-image size-large\"><img decoding=\"async\" data-id=\"1048\" src=\"https:\/\/swissperspektive.ch\/wp-content\/uploads\/2024\/01\/SG_Comedy_Night_Ivanka-Vuletic-min-min-min-1024x683.jpg\" alt=\"\" class=\"wp-image-1048\"\/><\/figure>\n\n\n\n<figure class=\"wp-block-image size-large\"><img decoding=\"async\" data-id=\"1049\" src=\"https:\/\/swissperspektive.ch\/wp-content\/uploads\/2024\/01\/SG_Comedy_Night_Kiko_Comedy-Award-min-min-min-1024x683.jpg\" alt=\"\" class=\"wp-image-1049\"\/><\/figure>\n\n\n\n<figure class=\"wp-block-image size-large\"><img decoding=\"async\" data-id=\"1050\" src=\"https:\/\/swissperspektive.ch\/wp-content\/uploads\/2024\/01\/SG_Comedy_Night_KiKo-min-min-1024x683.jpg\" alt=\"\" class=\"wp-image-1050\"\/><\/figure>\n\n\n\n<figure class=\"wp-block-image size-large\"><img decoding=\"async\" data-id=\"1051\" src=\"https:\/\/swissperspektive.ch\/wp-content\/uploads\/2024\/01\/SG_Comedy_Night_S-Rindlisbachers-min-min-1024x683.jpg\" alt=\"\" class=\"wp-image-1051\"\/><\/figure>\n\n\n\n<figure class=\"wp-block-image size-large\"><img decoding=\"async\" data-id=\"1052\" src=\"https:\/\/swissperspektive.ch\/wp-content\/uploads\/2024\/01\/SG_Comedy_Night_Stadtpraesidentin-SG-Maria-Pappa_Awardsieger-Kiko-min-min-1024x683.jpg\" alt=\"\" class=\"wp-image-1052\"\/><\/figure>\n<\/figure>\n\n\n\n<p><\/p>\n\n\n\n<p><strong>Franz\u00f6sisch:<\/strong> <strong>Premi\u00e8re du St. Galler Comedy Award : Larmes de rire et succ\u00e8s \u00e0 l&#8217;Einstein St. Gallen<\/strong><\/p>\n\n\n\n<p>Le vendredi 12 janvier, l&#8217;Einstein St. Gallen a c\u00e9l\u00e9br\u00e9 non seulement son 40e anniversaire, mais aussi une premi\u00e8re r\u00e9volutionnaire &#8211; la premi\u00e8re Nuit de la Com\u00e9die de St. Galler. Avec un total de 300 spectateurs enthousiastes, dont la pr\u00e9sidente de la ville de St. Gallen, Maria Pappa, l&#8217;\u00e9v\u00e9nement s&#8217;est r\u00e9v\u00e9l\u00e9 \u00eatre un grand succ\u00e8s.<\/p>\n\n\n\n<p>Sur sc\u00e8ne, des com\u00e9diens suisses renomm\u00e9s tels que de Ch\u00e4ller, Ivanka Vuletic, S\u2019Rindlisbachers et Kiko ont fait vibrer le public. La soir\u00e9e a \u00e9t\u00e9 anim\u00e9e par Richard Fischbacher, c\u00e9l\u00e8bre speaker du FC St. Gallen et mod\u00e9rateur culte.<\/p>\n\n\n\n<p>Un moment fort de la soir\u00e9e a \u00e9t\u00e9 sans aucun doute la remise du premier St. Galler Comedy Award. Gr\u00e2ce \u00e0 un vote du public pr\u00e9alable et aux voix d&#8217;un jury sp\u00e9cialis\u00e9, Kiko a \u00e9t\u00e9 couronn\u00e9 vainqueur m\u00e9rit\u00e9. Ses anecdotes humoristiques ont provoqu\u00e9 un rire franc lors de la premi\u00e8re Nuit de la Com\u00e9die de St. Galler.<\/p>\n\n\n\n<p>Michael Vogt, le directeur de l&#8217;H\u00f4tel Einstein St. Gallen, s&#8217;est exprim\u00e9 avec enthousiasme : &#8222;La soir\u00e9e a \u00e9t\u00e9 un succ\u00e8s retentissant et a suscit\u00e9 un grand enthousiasme, c&#8217;est pourquoi nous avons d\u00e9cid\u00e9 de la reproduire &#8211; notez d\u00e9j\u00e0 la date du 10 janvier 2025&#8220;.<\/p>\n\n\n\n<p>L&#8217;excitation pour une autre soir\u00e9e pleine de divertissement, de joie et de larmes de rire est d\u00e9j\u00e0 palpable. Le St. Galler Comedy Award n&#8217;a pas seulement fait rire, mais a \u00e9galement prouv\u00e9 que le c\u00f4t\u00e9 humoristique de la Suisse m\u00e9rite une sc\u00e8ne.<\/p>\n\n\n\n<p><strong>Italienisch: Premiere del St. Galler Comedy Award: Lacrime di risate e successo all&#8217;Einstein St. Gallen<\/strong><\/p>\n\n\n\n<p>Il venerd\u00ec 12 gennaio, l&#8217;Einstein St. Gallen ha celebrato non solo il suo 40\u00b0 anniversario, ma anche una rivoluzionaria prima &#8211; la prima Notte della Commedia di St. Galler. Con un totale di 300 entusiasti spettatori, tra cui la sindaca di St. Gallen, Maria Pappa, l&#8217;evento si \u00e8 rivelato un grande successo.<\/p>\n\n\n\n<p>Sul palco, comici svizzeri di fama come de Ch\u00e4ller, Ivanka Vuletic, S\u2019Rindlisbachers e Kiko hanno fatto divertire il pubblico. La serata \u00e8 stata presentata da Richard Fischbacher, noto speaker del FC St. Gallen e moderatore cult.<\/p>\n\n\n\n<p>Un momento particolare della serata \u00e8 stata senza dubbio la consegna del primo St. Galler Comedy Award. Attraverso un voto del pubblico anticipato e le votazioni di una giuria specializzata, Kiko \u00e8 stato incoronato vincitore meritato. Le sue aneddoti umoristiche hanno suscitato risate sincere durante la prima Notte della Commedia di St. Galler.<\/p>\n\n\n\n<p>Michael Vogt, direttore dell&#8217;Hotel Einstein St. Gallen, si \u00e8 mostrato entusiasta: &#8222;La serata \u00e8 stata un successo travolgente e ha suscitato grande entusiasmo, motivo per cui abbiamo deciso di ripeterla &#8211; segnatevi gi\u00e0 il 10 gennaio 2025&#8220;.<\/p>\n\n\n\n<p>L&#8217;attesa per un&#8217;altra serata piena di intrattenimento, gioia e lacrime di risate \u00e8 gi\u00e0 tangibile. Il St. Galler Comedy Award non ha solo fatto ridere, ma ha anche dimostrato che il lato umoristico della Svizzera merita un palco.<\/p>\n","protected":false},"excerpt":{"rendered":"<p>Premiere des St. Galler Comedy Awards: Lachtr\u00e4nen und Erfolg im Einstein St. Gallen Am Freitag, den 12. Januar, feierte das Einstein St. Gallen nicht nur sein 40-j\u00e4hriges Jubil\u00e4um, sondern auch eine bahnbrechende Premiere &#8211; die erste St. Galler Comedy-Nacht. Mit insgesamt 300 begeisterten Besuchern, darunter die St. Galler Stadtpr\u00e4sidentin Maria Pappa, erwies sich die Veranstaltung [&hellip;]<\/p>\n","protected":false},"author":1,"featured_media":0,"comment_status":"open","ping_status":"open","sticky":false,"template":"","format":"standard","meta":{"footnotes":""},"categories":[8,9,14],"tags":[66],"class_list":["post-716","post","type-post","status-publish","format-standard","hentry","category-kunst-kultur","category-magazin","category-news","tag-st-galler-comedy-awards"],"aioseo_notices":[],"_links":{"self":[{"href":"https:\/\/isvicreninsesi.ch\/de\/wp-json\/wp\/v2\/posts\/716","targetHints":{"allow":["GET"]}}],"collection":[{"href":"https:\/\/isvicreninsesi.ch\/de\/wp-json\/wp\/v2\/posts"}],"about":[{"href":"https:\/\/isvicreninsesi.ch\/de\/wp-json\/wp\/v2\/types\/post"}],"author":[{"embeddable":true,"href":"https:\/\/isvicreninsesi.ch\/de\/wp-json\/wp\/v2\/users\/1"}],"replies":[{"embeddable":true,"href":"https:\/\/isvicreninsesi.ch\/de\/wp-json\/wp\/v2\/comments?post=716"}],"version-history":[{"count":1,"href":"https:\/\/isvicreninsesi.ch\/de\/wp-json\/wp\/v2\/posts\/716\/revisions"}],"predecessor-version":[{"id":718,"href":"https:\/\/isvicreninsesi.ch\/de\/wp-json\/wp\/v2\/posts\/716\/revisions\/718"}],"wp:attachment":[{"href":"https:\/\/isvicreninsesi.ch\/de\/wp-json\/wp\/v2\/media?parent=716"}],"wp:term":[{"taxonomy":"category","embeddable":true,"href":"https:\/\/isvicreninsesi.ch\/de\/wp-json\/wp\/v2\/categories?post=716"},{"taxonomy":"post_tag","embeddable":true,"href":"https:\/\/isvicreninsesi.ch\/de\/wp-json\/wp\/v2\/tags?post=716"}],"curies":[{"name":"wp","href":"https:\/\/api.w.org\/{rel}","templated":true}]}}