{"id":713,"date":"2024-01-15T14:58:27","date_gmt":"2024-01-15T11:58:27","guid":{"rendered":"https:\/\/isvicreninsesi.ch\/de\/?p=713"},"modified":"2024-01-16T23:51:25","modified_gmt":"2024-01-16T20:51:25","slug":"geburten-in-der-schweiz-mehr-als-die-haelfte-der-kinder-hat-migrationshintergrund","status":"publish","type":"post","link":"https:\/\/isvicreninsesi.ch\/de\/geburten-in-der-schweiz-mehr-als-die-haelfte-der-kinder-hat-migrationshintergrund\/","title":{"rendered":"GEBURTEN IN DER SCHWEIZ: Mehr als die H\u00e4lfte der Kinder hat Migrationshintergrund"},"content":{"rendered":"\n<p>Das Bundesamt f\u00fcr Statistik hat eine umfassende Analyse zur demografischen Entwicklung in der Schweiz vorgelegt, insbesondere im Hinblick auf die Kinder zwischen 0 und 15 Jahren.<\/p>\n\n\n\n<p>Der Bericht zeigt, dass fast 60 Prozent der Kinder in der Schweiz mindestens einen Elternteil mit ausl\u00e4ndischen Wurzeln haben. Dies markiert einen deutlichen Anstieg gegen\u00fcber den Zahlen vor zehn Jahren, als der Anteil zwischen 50 und 54 Prozent lag. Besonders bemerkenswert ist der drastische Anstieg der Neugeborenen aus Eritrea.<\/p>\n\n\n\n<p><strong>Demografischer Wandel im Fokus:<\/strong><\/p>\n\n\n\n<p>In Zahlen ausgedr\u00fcckt: 58 Prozent der 0- bis 6-J\u00e4hrigen und 56 Prozent der 7- bis 15-J\u00e4hrigen leben in einem Haushalt mit mindestens einem Elternteil, der im Ausland geboren wurde. Die Geburtenrate in der Schweiz ist r\u00fcckl\u00e4ufig, w\u00e4hrend die Zahl der Kinder mit ausl\u00e4ndischem Hintergrund steigt.<\/p>\n\n\n\n<p>Die Analyse des Bundesamts f\u00fcr Statistik f\u00fcr die Jahre 2019 und 2021 verdeutlicht, dass die Entwicklung weiter voranschreitet. Der Migrationsforscher Ganga Jey Aratnam betont die Bedeutung dieser Zahlen f\u00fcr das Verst\u00e4ndnis der zuk\u00fcnftigen Schweizer Gesellschaft. Obwohl Erwachsene mit Migrationshintergrund derzeit noch in der Minderheit sind, wird sich diese Situation bald \u00e4ndern.<\/p>\n\n\n\n<p>In der Stadt Z\u00fcrich haben bereits 70 Prozent aller 15- bis 60-J\u00e4hrigen Wurzeln im Ausland. Aratnam sieht in der Tatsache, dass die Mehrheit der Bev\u00f6lkerung unterschiedliche Sprachen, Hintergr\u00fcnde und Traditionen hat, eine enorme Herausforderung. Die Schweiz ist nicht nur vielf\u00e4ltig, sondern geradezu hypervielf\u00e4ltig, so der Soziologe.<\/p>\n\n\n\n<p><strong>Anstieg der Neugeborenen aus Eritrea:<\/strong><\/p>\n\n\n\n<p>Besonders hervorzuheben ist der Anstieg der Neugeborenen aus Eritrea in der Schweiz. W\u00e4hrend im Jahr 2002 lediglich 12 Kinder aus Eritrea in der Schweiz geboren wurden, stieg diese Zahl bis 2022 auf \u00fcber 1000. Derzeit leben \u00fcber 15&#8217;000 Kinder zwischen 0 und 14 Jahren aus Eritrea in der Schweiz und bilden bereits die sechstst\u00e4rkste Migrantengruppe in dieser Altersgruppe, knapp hinter der Gruppe aus dem Kosovo.<\/p>\n\n\n\n<p>Der Demografie- und Migrationsforscher prognostiziert, dass Kinder aus nichteurop\u00e4ischen L\u00e4ndern in den kommenden Jahren in der Schweiz weiter an Bedeutung gewinnen werden.<\/p>\n\n\n\n<p><\/p>\n\n\n\n<p><strong>Franz\u00f6sisch:<\/strong> <strong>\u00c9volution d\u00e9mographique en Suisse : Plus de la moiti\u00e9 des enfants ont un parcours migratoire<\/strong><\/p>\n\n\n\n<p>L&#8217;Office f\u00e9d\u00e9ral de la statistique a publi\u00e9 une analyse approfondie sur l&#8217;\u00e9volution d\u00e9mographique en Suisse, en particulier en ce qui concerne les enfants de 0 \u00e0 15 ans.<\/p>\n\n\n\n<p>Le rapport montre que pr\u00e8s de 60 % des enfants en Suisse ont au moins un parent avec des origines \u00e9trang\u00e8res. Cela marque une augmentation significative par rapport aux chiffres d&#8217;il y a dix ans, o\u00f9 la proportion \u00e9tait comprise entre 50 et 54 %. \u00c0 noter particuli\u00e8rement, l&#8217;augmentation drastique des nouveau-n\u00e9s originaires d&#8217;\u00c9rythr\u00e9e.<\/p>\n\n\n\n<p><strong>Focus sur l&#8217;\u00e9volution d\u00e9mographique :<\/strong><\/p>\n\n\n\n<p>En chiffres, cela signifie que 58 % des enfants de 0 \u00e0 6 ans et 56 % de ceux de 7 \u00e0 15 ans vivent dans un m\u00e9nage avec au moins un parent n\u00e9 \u00e0 l&#8217;\u00e9tranger. Alors que le taux de natalit\u00e9 en Suisse est en baisse, le nombre d&#8217;enfants ayant des origines \u00e9trang\u00e8res augmente.<\/p>\n\n\n\n<p>L&#8217;analyse de l&#8217;Office f\u00e9d\u00e9ral de la statistique pour les ann\u00e9es 2019 et 2021 illustre que cette \u00e9volution se poursuit. Le chercheur en migrations Ganga Jey Aratnam souligne l&#8217;importance de ces chiffres pour comprendre l&#8217;avenir de la soci\u00e9t\u00e9 suisse. Bien que les adultes avec un parcours migratoire soient actuellement encore minoritaires, la situation devrait bient\u00f4t \u00e9voluer.<\/p>\n\n\n\n<p>\u00c0 Zurich, 70 % des personnes \u00e2g\u00e9es de 15 \u00e0 60 ans ont d\u00e9j\u00e0 des racines \u00e0 l&#8217;\u00e9tranger. Aratnam consid\u00e8re comme un \u00e9norme d\u00e9fi le fait que la majorit\u00e9 de la population a des langues, des origines et des traditions diff\u00e9rentes. La Suisse n&#8217;est pas seulement diverse, elle est carr\u00e9ment hyper-diverse, selon le sociologue.<\/p>\n\n\n\n<p><strong>Augmentation des nouveau-n\u00e9s d&#8217;\u00c9rythr\u00e9e :<\/strong><\/p>\n\n\n\n<p>\u00c0 noter particuli\u00e8rement est l&#8217;augmentation des nouveau-n\u00e9s originaires d&#8217;\u00c9rythr\u00e9e en Suisse. Alors qu&#8217;en 2002 seulement 12 enfants \u00e9rythr\u00e9ens sont n\u00e9s en Suisse, ce chiffre est pass\u00e9 \u00e0 plus de 1000 en 2022. Actuellement, plus de 15&#8217;000 enfants de 0 \u00e0 14 ans originaires d&#8217;\u00c9rythr\u00e9e vivent en Suisse, formant d\u00e9j\u00e0 le sixi\u00e8me groupe de migrants de cette tranche d&#8217;\u00e2ge, juste derri\u00e8re celui du Kosovo.<\/p>\n\n\n\n<p>Le chercheur en d\u00e9mographie et migrations pr\u00e9voit que les enfants originaires de pays non europ\u00e9ens gagneront en importance en Suisse au cours des prochaines ann\u00e9es.<\/p>\n\n\n\n<hr class=\"wp-block-separator has-alpha-channel-opacity\"\/>\n\n\n\n<p><strong>Italienisch:<\/strong> <strong>Nascite in Svizzera: il 58 per cento dei bambini ha un background migratorio<\/strong><\/p>\n\n\n\n<p>L&#8217;Ufficio federale di statistica ha presentato un&#8217;analisi approfondita sull&#8217;evoluzione demografica in Svizzera, in particolare per quanto riguarda i bambini dai 0 ai 15 anni.<\/p>\n\n\n\n<p>Il rapporto mostra che quasi il 60 per cento dei bambini in Svizzera ha almeno un genitore con radici straniere. Ci\u00f2 segna un aumento significativo rispetto ai dati di dieci anni fa, quando la percentuale si attestava tra il 50 e il 54 per cento. Da notare in particolare \u00e8 l&#8217;incremento drastico dei neonati provenienti dall&#8217;Eritrea.<\/p>\n\n\n\n<p><strong>Focus sull&#8217;evoluzione demografica:<\/strong><\/p>\n\n\n\n<p>In cifre, ci\u00f2 significa che il 58 per cento dei bambini dai 0 ai 6 anni e il 56 per cento di quelli dai 7 ai 15 anni vivono in un nucleo familiare con almeno un genitore nato all&#8217;estero. Mentre il tasso di natalit\u00e0 in Svizzera \u00e8 in calo, cresce il numero di bambini con origini straniere.<\/p>\n\n\n\n<p>L&#8217;analisi dell&#8217;Ufficio federale di statistica per gli anni 2019 e 2021 illustra che questa tendenza continua. Il ricercatore delle migrazioni Ganga Jey Aratnam sottolinea l&#8217;importanza di questi dati per comprendere il futuro della societ\u00e0 svizzera. Sebbene attualmente gli adulti con background migratorio siano ancora in minoranza, la situazione cambier\u00e0 presto.<\/p>\n\n\n\n<p>A Zurigo, il 70 per cento di tutte le persone dai 15 ai 60 anni ha radici all&#8217;estero. Aratnam vede come una grande sfida il fatto che la maggioranza della popolazione abbia lingue, origini e tradizioni diverse. La Svizzera non \u00e8 solo diversificata, \u00e8 iperdiversificata, secondo il sociologo.<\/p>\n\n\n\n<p><strong>Aumento dei neonati dall&#8217;Eritrea:<\/strong><\/p>\n\n\n\n<p>Da notare particolarmente \u00e8 l&#8217;incremento dei neonati provenienti dall&#8217;Eritrea in Svizzera. Mentre nel 2002 solo 12 bambini eritrei sono nati in Svizzera, questo numero \u00e8 salito a oltre 1000 nel 2022. Attualmente vivono in Svizzera oltre 15&#8217;000 bambini tra 0 e 14 anni provenienti dall&#8217;Eritrea, gi\u00e0 il sesto gruppo di migranti in questa fascia d&#8217;et\u00e0, poco dietro il gruppo del Kosovo.<\/p>\n\n\n\n<p>Il ricercatore in demografia e migrazioni prevede che i bambini provenienti da paesi non europei guadagneranno importanza in Svizzera nei prossimi anni.<\/p>\n","protected":false},"excerpt":{"rendered":"<p>Das Bundesamt f\u00fcr Statistik hat eine umfassende Analyse zur demografischen Entwicklung in der Schweiz vorgelegt, insbesondere im Hinblick auf die Kinder zwischen 0 und 15 Jahren. Der Bericht zeigt, dass fast 60 Prozent der Kinder in der Schweiz mindestens einen Elternteil mit ausl\u00e4ndischen Wurzeln haben. Dies markiert einen deutlichen Anstieg gegen\u00fcber den Zahlen vor zehn [&hellip;]<\/p>\n","protected":false},"author":1,"featured_media":0,"comment_status":"open","ping_status":"open","sticky":false,"template":"","format":"standard","meta":{"footnotes":""},"categories":[7,14,2],"tags":[],"class_list":["post-713","post","type-post","status-publish","format-standard","hentry","category-hit","category-news","category-schweiz"],"aioseo_notices":[],"_links":{"self":[{"href":"https:\/\/isvicreninsesi.ch\/de\/wp-json\/wp\/v2\/posts\/713","targetHints":{"allow":["GET"]}}],"collection":[{"href":"https:\/\/isvicreninsesi.ch\/de\/wp-json\/wp\/v2\/posts"}],"about":[{"href":"https:\/\/isvicreninsesi.ch\/de\/wp-json\/wp\/v2\/types\/post"}],"author":[{"embeddable":true,"href":"https:\/\/isvicreninsesi.ch\/de\/wp-json\/wp\/v2\/users\/1"}],"replies":[{"embeddable":true,"href":"https:\/\/isvicreninsesi.ch\/de\/wp-json\/wp\/v2\/comments?post=713"}],"version-history":[{"count":1,"href":"https:\/\/isvicreninsesi.ch\/de\/wp-json\/wp\/v2\/posts\/713\/revisions"}],"predecessor-version":[{"id":715,"href":"https:\/\/isvicreninsesi.ch\/de\/wp-json\/wp\/v2\/posts\/713\/revisions\/715"}],"wp:attachment":[{"href":"https:\/\/isvicreninsesi.ch\/de\/wp-json\/wp\/v2\/media?parent=713"}],"wp:term":[{"taxonomy":"category","embeddable":true,"href":"https:\/\/isvicreninsesi.ch\/de\/wp-json\/wp\/v2\/categories?post=713"},{"taxonomy":"post_tag","embeddable":true,"href":"https:\/\/isvicreninsesi.ch\/de\/wp-json\/wp\/v2\/tags?post=713"}],"curies":[{"name":"wp","href":"https:\/\/api.w.org\/{rel}","templated":true}]}}