{"id":582,"date":"2024-01-10T22:27:14","date_gmt":"2024-01-10T19:27:14","guid":{"rendered":"https:\/\/isvicreninsesi.ch\/de\/?p=582"},"modified":"2024-01-10T22:27:16","modified_gmt":"2024-01-10T19:27:16","slug":"praesidentin-begruesst-tuerkischen-generalkonsul","status":"publish","type":"post","link":"https:\/\/isvicreninsesi.ch\/de\/praesidentin-begruesst-tuerkischen-generalkonsul\/","title":{"rendered":"Pr\u00e4sidentin begr\u00fc\u00dft t\u00fcrkischen Generalkonsul"},"content":{"rendered":"\n<p><\/p>\n\n\n\n<p>Die Pr\u00e4sidentin des Landtags, Prof. Dr. Ulrike Liedtke, empfing heute den neuen Generalkonsul der Republik T\u00fcrkei in Berlin, \u0130lker Okan \u015eanl\u0131, zu seinem ersten Besuch im Brandenburger Parlament. In einem Gespr\u00e4ch tauschten beide Seiten Ansichten zu Angelegenheiten von gemeinsamem Interesse aus. Die Landtagspr\u00e4sidentin betonte die enge Verbundenheit Brandenburgs zum t\u00fcrkischen Volk.<\/p>\n\n\n\n<p>Der Diplomat \u015eanl\u0131 war zuvor im Generalkonsulat der T\u00fcrkei in Afghanistan sowie in der St\u00e4ndigen Vertretung seines Landes beim Europarat in Frankreich t\u00e4tig. Dar\u00fcber hinaus hatte er Positionen in den Botschaften \u00c4gyptens und der Schweiz inne.<\/p>\n\n\n\n<p>Franz\u00f6sisch: <strong>La Pr\u00e9sidente accueille le Consul g\u00e9n\u00e9ral turc<\/strong><\/p>\n\n\n\n<p>Potsdam, le 9 janvier 2024. La Pr\u00e9sidente du Landtag, Prof. Dr. Ulrike Liedtke, a re\u00e7u aujourd&#8217;hui le nouveau Consul g\u00e9n\u00e9ral de la R\u00e9publique de Turquie \u00e0 Berlin, \u0130lker Okan \u015eanl\u0131, lors de sa premi\u00e8re visite au Parlement de Brandebourg. Lors de cette rencontre, les deux parties ont \u00e9chang\u00e9 des points de vue sur des questions d&#8217;int\u00e9r\u00eat mutuel. La Pr\u00e9sidente du Landtag a soulign\u00e9 les liens \u00e9troits entre le Brandebourg et le peuple turc.<\/p>\n\n\n\n<p>Le diplomate \u015eanl\u0131 avait pr\u00e9c\u00e9demment travaill\u00e9 au Consulat g\u00e9n\u00e9ral de Turquie en Afghanistan ainsi qu&#8217;\u00e0 la Repr\u00e9sentation permanente de son pays aupr\u00e8s du Conseil de l&#8217;Europe en France. Il avait \u00e9galement occup\u00e9 des postes dans les ambassades en \u00c9gypte et en Suisse.<\/p>\n\n\n\n<p><strong>Italienisch: La Presidentessa accoglie il Console generale turco<\/strong><\/p>\n\n\n\n<p>Potsdam, 9 gennaio 2024. La Presidentessa del Landtag, Prof. Dr. Ulrike Liedtke, ha ricevuto oggi il nuovo Console generale della Repubblica di Turchia a Berlino, \u0130lker Okan \u015eanl\u0131, durante la sua prima visita al Parlamento del Brandeburgo. Durante l&#8217;incontro, entrambe le parti hanno scambiato opinioni su questioni di reciproco interesse. La Presidentessa del Landtag ha sottolineato i forti legami tra il Brandeburgo e il popolo turco.<\/p>\n\n\n\n<p>Il diplomatico \u015eanl\u0131 aveva precedentemente lavorato presso il Consolato generale della Turchia in Afghanistan e presso la Rappresentanza permanente del suo Paese presso il Consiglio d&#8217;Europa in Francia. Inoltre, ha ricoperto posizioni nelle ambasciate in Egitto e in Svizzera.<\/p>\n","protected":false},"excerpt":{"rendered":"<p>Die Pr\u00e4sidentin des Landtags, Prof. Dr. Ulrike Liedtke, empfing heute den neuen Generalkonsul der Republik T\u00fcrkei in Berlin, \u0130lker Okan \u015eanl\u0131, zu seinem ersten Besuch im Brandenburger Parlament. In einem Gespr\u00e4ch tauschten beide Seiten Ansichten zu Angelegenheiten von gemeinsamem Interesse aus. Die Landtagspr\u00e4sidentin betonte die enge Verbundenheit Brandenburgs zum t\u00fcrkischen Volk. Der Diplomat \u015eanl\u0131 war [&hellip;]<\/p>\n","protected":false},"author":1,"featured_media":583,"comment_status":"open","ping_status":"open","sticky":false,"template":"","format":"standard","meta":{"footnotes":""},"categories":[7,14,5],"tags":[],"class_list":["post-582","post","type-post","status-publish","format-standard","has-post-thumbnail","hentry","category-hit","category-news","category-politik"],"aioseo_notices":[],"_links":{"self":[{"href":"https:\/\/isvicreninsesi.ch\/de\/wp-json\/wp\/v2\/posts\/582","targetHints":{"allow":["GET"]}}],"collection":[{"href":"https:\/\/isvicreninsesi.ch\/de\/wp-json\/wp\/v2\/posts"}],"about":[{"href":"https:\/\/isvicreninsesi.ch\/de\/wp-json\/wp\/v2\/types\/post"}],"author":[{"embeddable":true,"href":"https:\/\/isvicreninsesi.ch\/de\/wp-json\/wp\/v2\/users\/1"}],"replies":[{"embeddable":true,"href":"https:\/\/isvicreninsesi.ch\/de\/wp-json\/wp\/v2\/comments?post=582"}],"version-history":[{"count":1,"href":"https:\/\/isvicreninsesi.ch\/de\/wp-json\/wp\/v2\/posts\/582\/revisions"}],"predecessor-version":[{"id":584,"href":"https:\/\/isvicreninsesi.ch\/de\/wp-json\/wp\/v2\/posts\/582\/revisions\/584"}],"wp:featuredmedia":[{"embeddable":true,"href":"https:\/\/isvicreninsesi.ch\/de\/wp-json\/wp\/v2\/media\/583"}],"wp:attachment":[{"href":"https:\/\/isvicreninsesi.ch\/de\/wp-json\/wp\/v2\/media?parent=582"}],"wp:term":[{"taxonomy":"category","embeddable":true,"href":"https:\/\/isvicreninsesi.ch\/de\/wp-json\/wp\/v2\/categories?post=582"},{"taxonomy":"post_tag","embeddable":true,"href":"https:\/\/isvicreninsesi.ch\/de\/wp-json\/wp\/v2\/tags?post=582"}],"curies":[{"name":"wp","href":"https:\/\/api.w.org\/{rel}","templated":true}]}}