{"id":569,"date":"2024-01-10T11:16:49","date_gmt":"2024-01-10T08:16:49","guid":{"rendered":"https:\/\/isvicreninsesi.ch\/de\/?p=569"},"modified":"2024-01-10T11:16:52","modified_gmt":"2024-01-10T08:16:52","slug":"antalya-im-zentrum-des-sports-die-tour-of-antalya-geht-in-die-5-runde","status":"publish","type":"post","link":"https:\/\/isvicreninsesi.ch\/de\/antalya-im-zentrum-des-sports-die-tour-of-antalya-geht-in-die-5-runde\/","title":{"rendered":"Antalya, im Zentrum des Sports: Die Tour of Antalya geht in die 5. Runde!"},"content":{"rendered":"\n<p>Antalya bereitet sich gespannt auf die Tour of Antalya vor, die von Fahrradliebhabern sehns\u00fcchtig erwartet wird. Das viert\u00e4gige Stra\u00dfenrennen der Kategorie 2.1 des Internationalen Radsportverbandes (UCI) findet vom 8. bis 11. Februar statt.<\/p>\n\n\n\n<p>Unter der Leitung von Gouverneur Hulusi \u015eahin wurde w\u00e4hrend einer Koordinationssitzung betont, dass der Radsport eng mit dem Geist von Antalya verbunden ist. \u015eahin erkl\u00e4rte: &#8218;Wir setzen uns daf\u00fcr ein, den Tourismus das ganze Jahr \u00fcber zu f\u00f6rdern und den Markenwert von Antalya durch vielf\u00e4ltige Veranstaltungen zu steigern. Der Sport spielt dabei eine bedeutende Rolle.&#8216;<\/p>\n\n\n\n<p>Der Projektleiter der Tour of Antalya, Haluk \u00d6zsevim, pr\u00e4sentierte den Teilnehmern w\u00e4hrend des Treffens eine detaillierte Pr\u00e4sentation \u00fcber die Etappen der Veranstaltung vom 8. bis 11. Februar. Es wird erwartet, dass das diesj\u00e4hrige Ereignis den Radsportbegeisterten ein mit Spannung erf\u00fclltes Erlebnis bieten wird.<\/p>\n\n\n\n<p>\u00d6zsevim und sein Team unterstrichen, dass die Veranstaltung nicht nur f\u00fcr den Sport, sondern auch f\u00fcr das Tourismuspotenzial und den Markenwert von Antalya von gro\u00dfer Bedeutung ist. Das Wachstum solcher Events wird auch einen Beitrag zur regionalen Wirtschaft leisten.&#8220;<\/p>\n\n\n\n<p><strong>Frans\u0131zca:<\/strong>&#8222;Antalya, au c\u0153ur du sport : La Tour d&#8217;Antalya reprend la route pour la 5\u00e8me fois !<\/p>\n\n\n\n<p>Antalya se pr\u00e9pare \u00e0 accueillir la tr\u00e8s attendue Tour d&#8217;Antalya, qui suscite l&#8217;impatience des passionn\u00e9s de v\u00e9lo. Cette course cycliste sur route, class\u00e9e en cat\u00e9gorie 2.1 par l&#8217;Union Cycliste Internationale (UCI), se tiendra du 8 au 11 f\u00e9vrier.<\/p>\n\n\n\n<p>Lors d&#8217;une r\u00e9union de coordination pr\u00e9sid\u00e9e par le gouverneur Hulusi \u015eahin, il a \u00e9t\u00e9 soulign\u00e9 que le cyclisme est en parfaite ad\u00e9quation avec l&#8217;esprit d&#8217;Antalya. Le gouverneur \u015eahin a d\u00e9clar\u00e9 : &#8218;Nous nous effor\u00e7ons de promouvoir le tourisme tout au long de l&#8217;ann\u00e9e et d&#8217;accro\u00eetre la valeur de la marque d&#8217;Antalya par le biais d&#8217;\u00e9v\u00e9nements diversifi\u00e9s. Le sport est une part essentielle de cet effort.&#8216;<\/p>\n\n\n\n<p>Le directeur du projet de la Tour d&#8217;Antalya, Haluk \u00d6zsevim, a pr\u00e9sent\u00e9 lors de la r\u00e9union un expos\u00e9 d\u00e9taill\u00e9 sur les \u00e9tapes de l&#8217;\u00e9v\u00e9nement pr\u00e9vu du 8 au 11 f\u00e9vrier. Cette \u00e9dition devrait offrir une exp\u00e9rience palpitante aux passionn\u00e9s de cyclisme.<\/p>\n\n\n\n<p>\u00d6zsevim et son \u00e9quipe ont soulign\u00e9 que cet \u00e9v\u00e9nement rev\u00eat une grande importance non seulement pour le sport, mais \u00e9galement pour le potentiel touristique et la valeur de la marque d&#8217;Antalya. La croissance de ces \u00e9v\u00e9nements est \u00e9galement attendue pour contribuer \u00e0 l&#8217;\u00e9conomie r\u00e9gionale.&#8220;<\/p>\n\n\n\n<p><strong>\u0130talyanca:<\/strong>&#8222;Antalya, nel cuore dello sport: la Tour of Antalya si prepara alla sua 5\u00aa edizione!<\/p>\n\n\n\n<p>Antalya si prepara ad ospitare la tanto attesa Tour of Antalya, che suscita grande interesse tra gli appassionati di ciclismo. La gara su strada di quattro giorni, classificata nella categoria 2.1 dall&#8217;Unione Ciclistica Internazionale (UCI), si svolger\u00e0 dall&#8217;8 all&#8217;11 febbraio.<\/p>\n\n\n\n<p>Durante la riunione di coordinamento presieduta dal governatore Hulusi \u015eahin \u00e8 stato sottolineato che il ciclismo si integra perfettamente con lo spirito di Antalya. Il governatore \u015eahin ha affermato: &#8218;Ci impegniamo a promuovere il turismo durante tutto l&#8217;anno e ad aumentare il valore del marchio di Antalya attraverso eventi diversificati. Lo sport \u00e8 una parte importante di questi sforzi.&#8216;<\/p>\n\n\n\n<p>Il direttore del progetto della Tour of Antalya, Haluk \u00d6zsevim, ha presentato durante la riunione una dettagliata panoramica delle tappe dell&#8217;evento dall&#8217;8 all&#8217;11 febbraio. Si prevede che l&#8217;edizione di quest&#8217;anno offrir\u00e0 un&#8217;esperienza emozionante agli appassionati di ciclismo.<\/p>\n\n\n\n<p>\u00d6zsevim e il suo team hanno sottolineato che questo evento \u00e8 di grande importanza non solo per lo sport, ma anche per il potenziale turistico e il valore del marchio di Antalya. Si prevede che la crescita di eventi del genere contribuir\u00e0 anche all&#8217;economia della regione.<\/p>\n\n\n\n<p><\/p>\n","protected":false},"excerpt":{"rendered":"<p>Antalya bereitet sich gespannt auf die Tour of Antalya vor, die von Fahrradliebhabern sehns\u00fcchtig erwartet wird. Das viert\u00e4gige Stra\u00dfenrennen der Kategorie 2.1 des Internationalen Radsportverbandes (UCI) findet vom 8. bis 11. Februar statt. Unter der Leitung von Gouverneur Hulusi \u015eahin wurde w\u00e4hrend einer Koordinationssitzung betont, dass der Radsport eng mit dem Geist von Antalya verbunden [&hellip;]<\/p>\n","protected":false},"author":1,"featured_media":570,"comment_status":"open","ping_status":"open","sticky":false,"template":"","format":"standard","meta":{"footnotes":""},"categories":[7,6,10],"tags":[],"class_list":["post-569","post","type-post","status-publish","format-standard","has-post-thumbnail","hentry","category-hit","category-reisen","category-sport"],"aioseo_notices":[],"_links":{"self":[{"href":"https:\/\/isvicreninsesi.ch\/de\/wp-json\/wp\/v2\/posts\/569","targetHints":{"allow":["GET"]}}],"collection":[{"href":"https:\/\/isvicreninsesi.ch\/de\/wp-json\/wp\/v2\/posts"}],"about":[{"href":"https:\/\/isvicreninsesi.ch\/de\/wp-json\/wp\/v2\/types\/post"}],"author":[{"embeddable":true,"href":"https:\/\/isvicreninsesi.ch\/de\/wp-json\/wp\/v2\/users\/1"}],"replies":[{"embeddable":true,"href":"https:\/\/isvicreninsesi.ch\/de\/wp-json\/wp\/v2\/comments?post=569"}],"version-history":[{"count":1,"href":"https:\/\/isvicreninsesi.ch\/de\/wp-json\/wp\/v2\/posts\/569\/revisions"}],"predecessor-version":[{"id":571,"href":"https:\/\/isvicreninsesi.ch\/de\/wp-json\/wp\/v2\/posts\/569\/revisions\/571"}],"wp:featuredmedia":[{"embeddable":true,"href":"https:\/\/isvicreninsesi.ch\/de\/wp-json\/wp\/v2\/media\/570"}],"wp:attachment":[{"href":"https:\/\/isvicreninsesi.ch\/de\/wp-json\/wp\/v2\/media?parent=569"}],"wp:term":[{"taxonomy":"category","embeddable":true,"href":"https:\/\/isvicreninsesi.ch\/de\/wp-json\/wp\/v2\/categories?post=569"},{"taxonomy":"post_tag","embeddable":true,"href":"https:\/\/isvicreninsesi.ch\/de\/wp-json\/wp\/v2\/tags?post=569"}],"curies":[{"name":"wp","href":"https:\/\/api.w.org\/{rel}","templated":true}]}}