{"id":549,"date":"2024-01-09T18:29:01","date_gmt":"2024-01-09T15:29:01","guid":{"rendered":"https:\/\/isvicreninsesi.ch\/de\/?p=549"},"modified":"2024-01-09T18:29:04","modified_gmt":"2024-01-09T15:29:04","slug":"gericht-bestaetigt-ausstrahlung-von-kizil-goncalar-gestoppt","status":"publish","type":"post","link":"https:\/\/isvicreninsesi.ch\/de\/gericht-bestaetigt-ausstrahlung-von-kizil-goncalar-gestoppt\/","title":{"rendered":"Gericht best\u00e4tigt: Ausstrahlung von &#8218;K\u0131z\u0131l Goncalar&#8216; gestoppt!"},"content":{"rendered":"\n<p><\/p>\n\n\n\n<p>Das Gericht hat die Entscheidung zur Einstellung der Ausstrahlung der Serie &#8218;K\u0131z\u0131l Goncalar&#8216;, in der \u00d6zg\u00fc Namal und \u00d6zcan Deniz die Hauptrollen spielen, best\u00e4tigt, nachdem die Radio- und Fernsehbeh\u00f6rde (RT\u00dcK) zuvor eine Ausstrahlungssperre verh\u00e4ngt hatte.<\/p>\n\n\n\n<p>Gold Film, die Produktionsfirma hinter der Serie, hatte gegen die Entscheidung von RT\u00dcK Einspruch eingelegt und sowohl der Sender FOX als auch die Produktionsfirma rechtliche Schritte eingeleitet.<\/p>\n\n\n\n<p>Nach den Feiertagen war unklar, ob die dritte Folge der Serie ausgestrahlt w\u00fcrde. Das Verwaltungsgericht lehnte jedoch den Antrag auf vorl\u00e4ufige Einstellung der Ausstrahlung ab.<\/p>\n\n\n\n<p>FOX wird stattdessen zur Sendezeit der Serie eine von RT\u00dcK genehmigte Dokumentation zeigen.<\/p>\n\n\n\n<p>Der Produzent Faruk Turgut gab eine Erkl\u00e4rung ab: &#8222;Heute Abend gibt es keine Ausstrahlung. Das Verwaltungsgericht und das Bezirksverwaltungsgericht haben die Ausstrahlsperre von RT\u00dcK best\u00e4tigt. Wir k\u00f6nnen die Ausstrahlung von &#8218;K\u0131z\u0131l Goncalar&#8216; nicht durchf\u00fchren.&#8220;<\/p>\n\n\n\n<p><strong>Franz\u00f6sisch:<\/strong> <em>Titre: Confirmation par la Cour : Diffusion de &#8218;K\u0131z\u0131l Goncalar&#8216; interrompue !<\/em><\/p>\n\n\n\n<p>La Cour a confirm\u00e9 la d\u00e9cision d&#8217;arr\u00eater la diffusion de la s\u00e9rie &#8218;K\u0131z\u0131l Goncalar&#8216;, dans laquelle \u00d6zg\u00fc Namal et \u00d6zcan Deniz jouent les r\u00f4les principaux, apr\u00e8s que le Conseil de la radio et de la t\u00e9l\u00e9vision (RT\u00dcK) ait impos\u00e9 un arr\u00eat de diffusion.<\/p>\n\n\n\n<p>Gold Film, la soci\u00e9t\u00e9 de production derri\u00e8re la s\u00e9rie, avait fait appel de la d\u00e9cision de RT\u00dcK et lanc\u00e9 des actions en justice contre la cha\u00eene FOX et la soci\u00e9t\u00e9 de production.<\/p>\n\n\n\n<p>Apr\u00e8s les vacances, il \u00e9tait incertain si le troisi\u00e8me \u00e9pisode de la s\u00e9rie serait diffus\u00e9. Cependant, le tribunal administratif a rejet\u00e9 la demande de suspension temporaire de la diffusion.<\/p>\n\n\n\n<p>\u00c0 la place, FOX diffusera un documentaire approuv\u00e9 par RT\u00dcK pendant le cr\u00e9neau horaire pr\u00e9vu pour la s\u00e9rie.<\/p>\n\n\n\n<p>Le producteur Faruk Turgut a d\u00e9clar\u00e9 : &#8222;Il n&#8217;y aura pas de diffusion ce soir. Le tribunal administratif et le tribunal administratif r\u00e9gional ont confirm\u00e9 l&#8217;arr\u00eat de diffusion de RT\u00dcK. Nous ne pouvons pas diffuser &#8218;K\u0131z\u0131l Goncalar&#8216;.&#8220;<\/p>\n\n\n\n<p><strong>Italiano:<\/strong> <em>Titolo: Confermato dal tribunale: Sospesa la trasmissione di &#8218;K\u0131z\u0131l Goncalar&#8216;!<\/em><\/p>\n\n\n\n<p>Il tribunale ha confermato la decisione di sospendere la trasmissione della serie &#8218;K\u0131z\u0131l Goncalar&#8216;, in cui \u00d6zg\u00fc Namal e \u00d6zcan Deniz interpretano i ruoli principali, dopo che l&#8217;Autorit\u00e0 per la radio e la televisione (RT\u00dcK) aveva imposto un blocco della trasmissione.<\/p>\n\n\n\n<p>Gold Film, la societ\u00e0 di produzione dietro la serie, aveva fatto ricorso contro la decisione di RT\u00dcK e avviato azioni legali contro il canale FOX e la societ\u00e0 di produzione.<\/p>\n\n\n\n<p>Dopo le festivit\u00e0, non era chiaro se sarebbe stata trasmessa la terza puntata della serie. Tuttavia, il tribunale amministrativo ha respinto la richiesta di sospensione temporanea della trasmissione.<\/p>\n\n\n\n<p>Al suo posto, FOX mostrer\u00e0 durante l&#8217;orario previsto per la serie un documentario approvato da RT\u00dcK.<\/p>\n\n\n\n<p>Il produttore Faruk Turgut ha dichiarato: &#8222;Questa sera non ci sar\u00e0 trasmissione. Il tribunale amministrativo e il tribunale amministrativo regionale hanno confermato il blocco di trasmissione di RT\u00dcK. Non possiamo trasmettere &#8218;K\u0131z\u0131l Goncalar&#8220;<\/p>\n\n\n\n<figure class=\"wp-block-embed is-type-rich is-provider-twitter wp-block-embed-twitter\"><div class=\"wp-block-embed__wrapper\">\n<blockquote class=\"twitter-tweet\" data-width=\"550\" data-dnt=\"true\"><p lang=\"tr\" dir=\"ltr\"><a href=\"https:\/\/twitter.com\/hashtag\/K%C4%B1z%C4%B1lGoncalar?src=hash&amp;ref_src=twsrc%5Etfw\">#K\u0131z\u0131lGoncalar<\/a> <br>Bu Ak\u015fam yay\u0131n yok.\u0130dare mahkemesi ve B\u00f6lge idare mahkemesi ,RT\u00dcK verdi\u011fi yay\u0131n durdurma karar\u0131n\u0131 onaylad\u0131.K\u0131z\u0131lgoncalar\u0131n yay\u0131n\u0131n\u0131 yapam\u0131yoruz.<\/p>&mdash; FARUK TURGUT (@FARKTRGT) <a href=\"https:\/\/twitter.com\/FARKTRGT\/status\/1744371058273144863?ref_src=twsrc%5Etfw\">January 8, 2024<\/a><\/blockquote><script async src=\"https:\/\/platform.twitter.com\/widgets.js\" charset=\"utf-8\"><\/script>\n<\/div><\/figure>\n","protected":false},"excerpt":{"rendered":"<p>Das Gericht hat die Entscheidung zur Einstellung der Ausstrahlung der Serie &#8218;K\u0131z\u0131l Goncalar&#8216;, in der \u00d6zg\u00fc Namal und \u00d6zcan Deniz die Hauptrollen spielen, best\u00e4tigt, nachdem die Radio- und Fernsehbeh\u00f6rde (RT\u00dcK) zuvor eine Ausstrahlungssperre verh\u00e4ngt hatte. Gold Film, die Produktionsfirma hinter der Serie, hatte gegen die Entscheidung von RT\u00dcK Einspruch eingelegt und sowohl der Sender FOX [&hellip;]<\/p>\n","protected":false},"author":1,"featured_media":550,"comment_status":"open","ping_status":"open","sticky":false,"template":"","format":"standard","meta":{"footnotes":""},"categories":[9,14],"tags":[],"class_list":["post-549","post","type-post","status-publish","format-standard","has-post-thumbnail","hentry","category-magazin","category-news"],"aioseo_notices":[],"_links":{"self":[{"href":"https:\/\/isvicreninsesi.ch\/de\/wp-json\/wp\/v2\/posts\/549","targetHints":{"allow":["GET"]}}],"collection":[{"href":"https:\/\/isvicreninsesi.ch\/de\/wp-json\/wp\/v2\/posts"}],"about":[{"href":"https:\/\/isvicreninsesi.ch\/de\/wp-json\/wp\/v2\/types\/post"}],"author":[{"embeddable":true,"href":"https:\/\/isvicreninsesi.ch\/de\/wp-json\/wp\/v2\/users\/1"}],"replies":[{"embeddable":true,"href":"https:\/\/isvicreninsesi.ch\/de\/wp-json\/wp\/v2\/comments?post=549"}],"version-history":[{"count":1,"href":"https:\/\/isvicreninsesi.ch\/de\/wp-json\/wp\/v2\/posts\/549\/revisions"}],"predecessor-version":[{"id":551,"href":"https:\/\/isvicreninsesi.ch\/de\/wp-json\/wp\/v2\/posts\/549\/revisions\/551"}],"wp:featuredmedia":[{"embeddable":true,"href":"https:\/\/isvicreninsesi.ch\/de\/wp-json\/wp\/v2\/media\/550"}],"wp:attachment":[{"href":"https:\/\/isvicreninsesi.ch\/de\/wp-json\/wp\/v2\/media?parent=549"}],"wp:term":[{"taxonomy":"category","embeddable":true,"href":"https:\/\/isvicreninsesi.ch\/de\/wp-json\/wp\/v2\/categories?post=549"},{"taxonomy":"post_tag","embeddable":true,"href":"https:\/\/isvicreninsesi.ch\/de\/wp-json\/wp\/v2\/tags?post=549"}],"curies":[{"name":"wp","href":"https:\/\/api.w.org\/{rel}","templated":true}]}}