{"id":519,"date":"2024-01-08T14:28:51","date_gmt":"2024-01-08T11:28:51","guid":{"rendered":"https:\/\/isvicreninsesi.ch\/de\/?p=519"},"modified":"2024-01-14T14:21:27","modified_gmt":"2024-01-14T11:21:27","slug":"touristischer-aufschwung-in-trabzon","status":"publish","type":"post","link":"https:\/\/isvicreninsesi.ch\/de\/touristischer-aufschwung-in-trabzon\/","title":{"rendered":"Touristischer Aufschwung in Trabzon"},"content":{"rendered":"\n<p>Cemil Baysal &#8211; Touristischer Aufschwung in Trabzon: Ein Anstieg von in- und ausl\u00e4ndischen Besuchern. Trabzon verzeichnet einen auff\u00e4lligen Anstieg der \u00dcbernachtungszahlen von einheimischen und ausl\u00e4ndischen Touristen. Laut Daten des Ministeriums f\u00fcr Kultur und Tourismus gab es im Jahr 2023 einen Anstieg um 38 Prozent auf insgesamt 1.319.299 Touristen gegen\u00fcber dem Vorjahr. Davon waren 706.532 aus dem Ausland und 612.767 inl\u00e4ndische Besucher.<\/p>\n\n\n\n<p>W\u00e4hrend die Zahl der ausl\u00e4ndischen Touristen, die die Stadt im vergangenen Jahr besuchten, um 51 Prozent stieg, verzeichnete die Anzahl der einheimischen Touristen einen Anstieg von 25 Prozent. Besonders erw\u00e4hnenswert ist der Zustrom von 286.465 Besuchern aus Saudi-Arabien, gefolgt von Oman, den Vereinigten Arabischen Emiraten, Kuwait und Jordanien.<\/p>\n\n\n\n<p>Das bedeutende religi\u00f6se Zentrum, das S\u00fcmela-Kloster, verzeichnete im Vergleich zum Vorjahr einen Anstieg von 33 Prozent auf 451.453 Besucher.<\/p>\n\n\n\n<p>Die Anzahl der Unterk\u00fcnfte in der Stadt erh\u00f6hte sich um 7 Prozent auf 244, w\u00e4hrend die Anzahl der verf\u00fcgbaren Betten um 4 Prozent auf 17.642 anstieg. Dar\u00fcber hinaus stieg die Anzahl der internationalen Flugverbindungen nach Trabzon um 21 Prozent. Auch die Passagierzahlen am internationalen Terminal des Flughafens stiegen um 20 Prozent auf 460.622.<\/p>\n\n\n\n<p>Mit einem Anstieg auf 296 Reiseb\u00fcros und 12 lizenzierten Restaurants mit einer Kapazit\u00e4t von 3.996 Personen zeigt sich das steigende touristische Interesse an Trabzon.<\/p>\n\n\n\n<figure class=\"wp-block-embed is-type-video is-provider-youtube wp-block-embed-youtube wp-embed-aspect-16-9 wp-has-aspect-ratio\"><div class=\"wp-block-embed__wrapper\">\n<iframe title=\"S\u00fcmela Manast\u0131r\u0131 Son hali 4k Drone Footage in S\u00fcmela Monastery Aerial #sumela #monastery #trabzon\" width=\"740\" height=\"416\" src=\"https:\/\/www.youtube.com\/embed\/3Bzu4ROxsd8?feature=oembed\" frameborder=\"0\" allow=\"accelerometer; autoplay; clipboard-write; encrypted-media; gyroscope; picture-in-picture; web-share\" allowfullscreen><\/iframe>\n<\/div><\/figure>\n\n\n\n<p> <\/p>\n\n\n\n<p>Franz\u00f6sisch:<\/p>\n\n\n\n<p><strong>&#8222;Une augmentation notable du nombre de touristes locaux et \u00e9trangers \u00e0 Trabzon&#8220;<\/strong><\/p>\n\n\n\n<p> &#8222;Trabzon enregistre une augmentation significative du nombre de nuit\u00e9es des touristes locaux et \u00e9trangers. Selon les donn\u00e9es du minist\u00e8re de la Culture et du Tourisme, en 2023, il y a eu une hausse de 38 % avec un total de 1 319 299 touristes ayant s\u00e9journ\u00e9 dans la ville par rapport \u00e0 l&#8217;ann\u00e9e pr\u00e9c\u00e9dente. Parmi eux, 706 532 \u00e9taient des \u00e9trangers et 612 767 \u00e9taient des visiteurs locaux.<\/p>\n\n\n\n<p>Alors que le nombre de touristes \u00e9trangers ayant visit\u00e9 la ville l&#8217;ann\u00e9e derni\u00e8re a augment\u00e9 de 51 %, le nombre de touristes locaux a connu une hausse de 25 %. On note particuli\u00e8rement l&#8217;afflux de 286 465 visiteurs en provenance d&#8217;Arabie saoudite, suivis par Oman, les \u00c9mirats arabes unis, le Kowe\u00eft et la Jordanie.<\/p>\n\n\n\n<p>Le monast\u00e8re de S\u00fcmela, un centre religieux important, a enregistr\u00e9 une hausse de 33 % avec 451 453 visiteurs par rapport \u00e0 l&#8217;ann\u00e9e pr\u00e9c\u00e9dente.<\/p>\n\n\n\n<p>Le nombre d&#8217;\u00e9tablissements d&#8217;h\u00e9bergement dans la ville a augment\u00e9 de 7 % pour atteindre 244, tandis que le nombre de lits disponibles a augment\u00e9 de 4 % pour atteindre 17 642. De plus, le nombre de vols internationaux \u00e0 destination de Trabzon a augment\u00e9 de 21 %. Les chiffres des passagers au terminal international de l&#8217;a\u00e9roport ont \u00e9galement augment\u00e9 de 20 % pour atteindre 460 622.<\/p>\n\n\n\n<p>Avec une augmentation \u00e0 296 agences de voyages et 12 restaurants agr\u00e9\u00e9s d&#8217;une capacit\u00e9 de 3 996 personnes, cela refl\u00e8te l&#8217;int\u00e9r\u00eat touristique croissant pour Trabzon.&#8220;<\/p>\n\n\n\n<p> in italiano:<\/p>\n\n\n\n<p><strong>&#8222;Aumento significativo del numero di turisti locali e stranieri a Trabzon&#8220; <\/strong><\/p>\n\n\n\n<p>&#8222;Trabzon registra un notevole aumento del numero di pernottamenti da parte dei turisti locali e stranieri. Secondo i dati del Ministero della Cultura e del Turismo, nel 2023 c&#8217;\u00e8 stato un aumento del 38% con un totale di 1.319.299 turisti che hanno soggiornato nella citt\u00e0 rispetto all&#8217;anno precedente. Tra di essi, 706.532 erano stranieri e 612.767 erano visitatori locali.<\/p>\n\n\n\n<p>Mentre il numero di turisti stranieri che hanno visitato la citt\u00e0 l&#8217;anno scorso \u00e8 aumentato del 51%, il numero di turisti locali \u00e8 aumentato del 25%. Si nota in particolare l&#8217;afflusso di 286.465 visitatori provenienti dall&#8217;Arabia Saudita, seguiti da Oman, gli Emirati Arabi Uniti, il Kuwait e la Giordania.<\/p>\n\n\n\n<p>Il monastero di S\u00fcmela, un importante centro religioso, ha registrato un aumento del 33% con 451.453 visitatori rispetto all&#8217;anno precedente.<\/p>\n\n\n\n<p>Il numero di strutture ricettive nella citt\u00e0 \u00e8 aumentato del 7% per raggiungere quota 244, mentre il numero di letti disponibili \u00e8 aumentato del 4% a 17.642. Inoltre, il numero di voli internazionali diretti a Trabzon \u00e8 aumentato del 21%. Anche il numero dei passeggeri presso il terminal internazionale dell&#8217;aeroporto \u00e8 aumentato del 20% raggiungendo quota 460.622.<\/p>\n\n\n\n<p>Con un aumento a 296 agenzie di viaggio e 12 ristoranti autorizzati con una capacit\u00e0 di 3.996 persone, questo riflette l&#8217;interesse turistico crescente per Trabzon.<\/p>\n\n\n\n<figure class=\"wp-block-gallery has-nested-images columns-default is-cropped wp-block-gallery-1 is-layout-flex wp-block-gallery-is-layout-flex\">\n<figure class=\"wp-block-image size-large\"><img decoding=\"async\" width=\"600\" height=\"401\" data-id=\"521\" src=\"https:\/\/isvicreninsesi.ch\/de\/wp-content\/uploads\/2024\/01\/1.webp\" alt=\"\" class=\"wp-image-521\" srcset=\"https:\/\/isvicreninsesi.ch\/de\/wp-content\/uploads\/2024\/01\/1.webp 600w, https:\/\/isvicreninsesi.ch\/de\/wp-content\/uploads\/2024\/01\/1-300x201.webp 300w\" sizes=\"(max-width: 600px) 100vw, 600px\" \/><\/figure>\n\n\n\n<figure class=\"wp-block-image size-large\"><img decoding=\"async\" width=\"600\" height=\"400\" data-id=\"522\" src=\"https:\/\/isvicreninsesi.ch\/de\/wp-content\/uploads\/2024\/01\/3.webp\" alt=\"\" class=\"wp-image-522\" srcset=\"https:\/\/isvicreninsesi.ch\/de\/wp-content\/uploads\/2024\/01\/3.webp 600w, https:\/\/isvicreninsesi.ch\/de\/wp-content\/uploads\/2024\/01\/3-300x200.webp 300w\" sizes=\"(max-width: 600px) 100vw, 600px\" \/><\/figure>\n\n\n\n<figure class=\"wp-block-image size-large\"><img decoding=\"async\" width=\"600\" height=\"400\" data-id=\"520\" src=\"https:\/\/isvicreninsesi.ch\/de\/wp-content\/uploads\/2024\/01\/4.webp\" alt=\"\" class=\"wp-image-520\" srcset=\"https:\/\/isvicreninsesi.ch\/de\/wp-content\/uploads\/2024\/01\/4.webp 600w, https:\/\/isvicreninsesi.ch\/de\/wp-content\/uploads\/2024\/01\/4-300x200.webp 300w\" sizes=\"(max-width: 600px) 100vw, 600px\" \/><\/figure>\n\n\n\n<figure class=\"wp-block-image size-large\"><img decoding=\"async\" width=\"600\" height=\"400\" data-id=\"523\" src=\"https:\/\/isvicreninsesi.ch\/de\/wp-content\/uploads\/2024\/01\/5.webp\" alt=\"\" class=\"wp-image-523\" srcset=\"https:\/\/isvicreninsesi.ch\/de\/wp-content\/uploads\/2024\/01\/5.webp 600w, https:\/\/isvicreninsesi.ch\/de\/wp-content\/uploads\/2024\/01\/5-300x200.webp 300w\" sizes=\"(max-width: 600px) 100vw, 600px\" \/><\/figure>\n\n\n\n<figure class=\"wp-block-image size-large\"><img decoding=\"async\" width=\"600\" height=\"400\" data-id=\"527\" src=\"https:\/\/isvicreninsesi.ch\/de\/wp-content\/uploads\/2024\/01\/6.webp\" alt=\"\" class=\"wp-image-527\" srcset=\"https:\/\/isvicreninsesi.ch\/de\/wp-content\/uploads\/2024\/01\/6.webp 600w, https:\/\/isvicreninsesi.ch\/de\/wp-content\/uploads\/2024\/01\/6-300x200.webp 300w\" sizes=\"(max-width: 600px) 100vw, 600px\" \/><\/figure>\n\n\n\n<figure class=\"wp-block-image size-large\"><img decoding=\"async\" width=\"600\" height=\"270\" data-id=\"525\" src=\"https:\/\/isvicreninsesi.ch\/de\/wp-content\/uploads\/2024\/01\/7.webp\" alt=\"\" class=\"wp-image-525\" srcset=\"https:\/\/isvicreninsesi.ch\/de\/wp-content\/uploads\/2024\/01\/7.webp 600w, https:\/\/isvicreninsesi.ch\/de\/wp-content\/uploads\/2024\/01\/7-300x135.webp 300w\" sizes=\"(max-width: 600px) 100vw, 600px\" \/><\/figure>\n\n\n\n<figure class=\"wp-block-image size-large\"><img decoding=\"async\" width=\"600\" height=\"399\" data-id=\"526\" src=\"https:\/\/isvicreninsesi.ch\/de\/wp-content\/uploads\/2024\/01\/8.webp\" alt=\"\" class=\"wp-image-526\" srcset=\"https:\/\/isvicreninsesi.ch\/de\/wp-content\/uploads\/2024\/01\/8.webp 600w, https:\/\/isvicreninsesi.ch\/de\/wp-content\/uploads\/2024\/01\/8-300x200.webp 300w\" sizes=\"(max-width: 600px) 100vw, 600px\" \/><\/figure>\n\n\n\n<figure class=\"wp-block-image size-large\"><img decoding=\"async\" width=\"600\" height=\"400\" data-id=\"524\" src=\"https:\/\/isvicreninsesi.ch\/de\/wp-content\/uploads\/2024\/01\/12.webp\" alt=\"\" class=\"wp-image-524\" srcset=\"https:\/\/isvicreninsesi.ch\/de\/wp-content\/uploads\/2024\/01\/12.webp 600w, https:\/\/isvicreninsesi.ch\/de\/wp-content\/uploads\/2024\/01\/12-300x200.webp 300w\" sizes=\"(max-width: 600px) 100vw, 600px\" \/><\/figure>\n<\/figure>\n","protected":false},"excerpt":{"rendered":"<p>Cemil Baysal &#8211; Touristischer Aufschwung in Trabzon: Ein Anstieg von in- und ausl\u00e4ndischen Besuchern. Trabzon verzeichnet einen auff\u00e4lligen Anstieg der \u00dcbernachtungszahlen von einheimischen und ausl\u00e4ndischen Touristen. Laut Daten des Ministeriums f\u00fcr Kultur und Tourismus gab es im Jahr 2023 einen Anstieg um 38 Prozent auf insgesamt 1.319.299 Touristen gegen\u00fcber dem Vorjahr. Davon waren 706.532 aus [&hellip;]<\/p>\n","protected":false},"author":1,"featured_media":0,"comment_status":"open","ping_status":"open","sticky":false,"template":"","format":"video","meta":{"footnotes":""},"categories":[8,6],"tags":[],"class_list":["post-519","post","type-post","status-publish","format-video","hentry","category-kunst-kultur","category-reisen","post_format-post-format-video"],"aioseo_notices":[],"_links":{"self":[{"href":"https:\/\/isvicreninsesi.ch\/de\/wp-json\/wp\/v2\/posts\/519","targetHints":{"allow":["GET"]}}],"collection":[{"href":"https:\/\/isvicreninsesi.ch\/de\/wp-json\/wp\/v2\/posts"}],"about":[{"href":"https:\/\/isvicreninsesi.ch\/de\/wp-json\/wp\/v2\/types\/post"}],"author":[{"embeddable":true,"href":"https:\/\/isvicreninsesi.ch\/de\/wp-json\/wp\/v2\/users\/1"}],"replies":[{"embeddable":true,"href":"https:\/\/isvicreninsesi.ch\/de\/wp-json\/wp\/v2\/comments?post=519"}],"version-history":[{"count":1,"href":"https:\/\/isvicreninsesi.ch\/de\/wp-json\/wp\/v2\/posts\/519\/revisions"}],"predecessor-version":[{"id":528,"href":"https:\/\/isvicreninsesi.ch\/de\/wp-json\/wp\/v2\/posts\/519\/revisions\/528"}],"wp:attachment":[{"href":"https:\/\/isvicreninsesi.ch\/de\/wp-json\/wp\/v2\/media?parent=519"}],"wp:term":[{"taxonomy":"category","embeddable":true,"href":"https:\/\/isvicreninsesi.ch\/de\/wp-json\/wp\/v2\/categories?post=519"},{"taxonomy":"post_tag","embeddable":true,"href":"https:\/\/isvicreninsesi.ch\/de\/wp-json\/wp\/v2\/tags?post=519"}],"curies":[{"name":"wp","href":"https:\/\/api.w.org\/{rel}","templated":true}]}}