{"id":477,"date":"2024-01-06T13:48:23","date_gmt":"2024-01-06T10:48:23","guid":{"rendered":"https:\/\/isvicreninsesi.ch\/de\/?p=477"},"modified":"2024-01-06T13:48:25","modified_gmt":"2024-01-06T10:48:25","slug":"sp-schickt-mustafa-atici-ins-rennen-um-den-basler-regierungsratssitz","status":"publish","type":"post","link":"https:\/\/isvicreninsesi.ch\/de\/sp-schickt-mustafa-atici-ins-rennen-um-den-basler-regierungsratssitz\/","title":{"rendered":"SP schickt Mustafa Atici ins Rennen um den Basler Regierungsratssitz"},"content":{"rendered":"\n<p>Die Basler Sozialdemokraten haben entschieden, wer den Sitz des ehemaligen Nationalrats Beat Jans verteidigen soll. Doch auch aus dem linken Lager gibt es Konkurrenz. Aufgrund einer Reduzierung der Sitze im Kanton Basel-Stadt verlor er Ende Oktober sein Amt im Nationalrat. Jetzt will Mustafa Atici f\u00fcr die SP in die Regierung. Bild: zvg BS<\/p>\n\n\n\n<p>Nach einer anderthalbst\u00fcndigen Debatte haben die Basler Genossinnen und Genossen bei der Delegiertenversammlung am Mittwochabend beschlossen, wer f\u00fcr den Regierungsratssitz von Beat Jans kandidieren soll: Mustafa Atici (54). Er bewirbt sich auch f\u00fcr das Pr\u00e4sidium.<\/p>\n\n\n\n<p>Der ehemalige Nationalrat setzte sich in der internen Wahl gegen Edibe G\u00f6lgeli (45) durch. Seit Montag galt der Unternehmer als Favorit gegen\u00fcber der Grossr\u00e4tin. Das Ergebnis der Abstimmung war mit 134 von 194 Stimmen recht deutlich. Stimmung: angespannt.<\/p>\n\n\n\n<p>Die Ausgangslage zur Verteidigung des Sitzes war f\u00fcr die Sozialdemokraten nicht so einfach. Die Gr\u00fcnen, die eigentlich Verb\u00fcndete sind, \u00fcberraschten die SP am Morgen, indem sie ihren eigenen Kandidaten, den Grossrat J\u00e9r\u00f4me Thiriet, vorstellten. Sie wollen den Sitz der SP angreifen (berichtet von Prime News).<\/p>\n\n\n\n<p>F\u00fchrende Mitglieder der SP zeigen sich \u00fcber diesen Vorsto\u00df der Klimapartei alles andere als erfreut. Am Mittwoch \u00e4u\u00dferten sich viele prominente Pers\u00f6nlichkeiten auf &#8222;X&#8220; kritisch \u00fcber diesen Schritt der Gr\u00fcnen.<\/p>\n\n\n\n<p>Die Reaktion von SP-Grossr\u00e4tin Danielle Kaufmann: &#8222;Wenn die Basler Gr\u00fcnen f\u00fcr einen von der SP Basel-Stadt besetzten Sitz einen Kandidaten aufstellen, was k\u00f6nnte das bedeuten?&#8220;<\/p>\n\n\n\n<p>Kurz gesagt: Im linken Lager in Basel herrscht zwischen den Gr\u00fcnen und der SP dicke Luft. F\u00fcr Mustafa Atici bedeutet dies, dass er den Sitz nicht nur gegen eine FDP-Kandidatur verteidigen muss, die noch diese Woche angek\u00fcndigt werden soll, sondern auch gegen die nahestehende Klimapartei. Gew\u00e4hlt wird am 3. M\u00e4rz 2024.<\/p>\n\n\n\n<p><strong>Franz\u00f6sisch:<\/strong> &#8222;Le SP envoie Mustafa Atici dans la course au Conseil d&#8217;\u00c9tat de B\u00e2le&#8220;<\/p>\n\n\n\n<p>Les Sociaux-d\u00e9mocrates b\u00e2lois ont d\u00e9cid\u00e9 qui d\u00e9fendra le si\u00e8ge de l&#8217;ancien conseiller national Beat Jans. Mais il y a aussi de la concurrence du c\u00f4t\u00e9 de la gauche. En raison d&#8217;une r\u00e9duction du nombre de si\u00e8ges dans le canton de B\u00e2le-Ville, il a perdu son mandat de conseiller national fin octobre. Maintenant, Mustafa Atici veut si\u00e9ger au gouvernement pour le compte du SP. Image : zvg BS<\/p>\n\n\n\n<p>Apr\u00e8s un d\u00e9bat d&#8217;une heure et demie, les camarades b\u00e2lois ont d\u00e9cid\u00e9 lors de l&#8217;assembl\u00e9e des d\u00e9l\u00e9gu\u00e9s de mercredi soir qui serait candidat au si\u00e8ge du conseil d&#8217;\u00c9tat de Beat Jans : Mustafa Atici (54). Il se porte \u00e9galement candidat \u00e0 la pr\u00e9sidence.<\/p>\n\n\n\n<p>L&#8217;ancien conseiller national a remport\u00e9 l&#8217;\u00e9lection interne face \u00e0 Edibe G\u00f6lgeli (45). Depuis lundi, cet homme d&#8217;affaires \u00e9tait le favori face \u00e0 la d\u00e9put\u00e9e. Le r\u00e9sultat du vote, avec 134 voix sur 194, \u00e9tait assez clair. Ambiance : tendue.<\/p>\n\n\n\n<p>La situation pour d\u00e9fendre le si\u00e8ge n&#8217;\u00e9tait pas aussi simple pour les Sociaux-d\u00e9mocrates. Les Verts, pourtant alli\u00e9s, ont surpris le SP en pr\u00e9sentant leur propre candidat, le grand conseiller J\u00e9r\u00f4me Thiriet. Ils veulent attaquer le si\u00e8ge du SP (rapport\u00e9 par Prime News).<\/p>\n\n\n\n<p>Les principaux membres du SP ne sont pas du tout ravis de cette initiative du parti \u00e9cologiste. Mercredi, de nombreuses personnalit\u00e9s importantes ont exprim\u00e9 des critiques \u00e0 propos de cette action des Verts sur &#8222;X&#8220;.<\/p>\n\n\n\n<p>La r\u00e9action de la d\u00e9put\u00e9e SP Danielle Kaufmann : &#8222;Si les Verts de B\u00e2le pr\u00e9sentent un candidat pour un si\u00e8ge occup\u00e9 par le SP de B\u00e2le-Ville, quel sens cela pourrait-il avoir ?&#8220;<\/p>\n\n\n\n<p>En r\u00e9sum\u00e9 : \u00c0 B\u00e2le, au sein de la gauche, il y a de la tension entre les Verts et les Sociaux-d\u00e9mocrates. Pour Mustafa Atici, cela signifie qu&#8217;il devra non seulement d\u00e9fendre le si\u00e8ge contre une candidature du FDP, qui devrait \u00eatre annonc\u00e9e cette semaine, mais aussi contre le parti \u00e9cologiste proche. Le vote aura lieu le 3 mars 2024.<\/p>\n\n\n\n<p><strong>Italienisch:<\/strong> &#8222;Il SP presenta Mustafa Atici nella corsa per il Consiglio di Stato di Basilea&#8220;<\/p>\n\n\n\n<p>I socialdemocratici basilesi hanno deciso chi difender\u00e0 il seggio dell&#8217;ex consigliere nazionale Beat Jans. Ma ci sono anche concorrenti dalla sinistra. A causa della riduzione dei seggi nel Canton Basilea Citt\u00e0, ha perso il suo mandato di consigliere nazionale alla fine di ottobre. Ora Mustafa Atici vuole entrare nel governo per conto del SP. Immagine: zvg BS<\/p>\n\n\n\n<p>Dopo una discussione di un&#8217;ora e mezza, i compagni basilesi hanno deciso durante l&#8217;assemblea dei delegati di mercoled\u00ec sera chi sarebbe il candidato per il seggio nel Consiglio di Stato di Beat Jans: Mustafa Atici (54). Si candida anche per la presidenza.<\/p>\n\n\n\n<p>L&#8217;ex consigliere nazionale ha superato internamente Edibe G\u00f6lgeli (45). Da luned\u00ec, questo imprenditore era il favorito rispetto alla deputata. Il risultato del voto, con 134 voti su 194, \u00e8 stato piuttosto chiaro. Atmosfera: tesa.<\/p>\n\n\n\n<p>La situazione per difendere il seggio non era cos\u00ec semplice per i socialdemocratici. I Verdi, anche se alleati, hanno sorpreso il SP presentando il loro candidato, il consigliere cantonale J\u00e9r\u00f4me Thiriet. Vogliono attaccare il seggio del SP (riportato da Prime News).<\/p>\n\n\n\n<p>I principali membri del SP non sono affatto entusiasti di questa iniziativa del partito ecologista. Mercoled\u00ec, molte personalit\u00e0 importanti hanno espresso critiche su questa mossa dei Verdi su &#8222;X&#8220;.<\/p>\n\n\n\n<p>La reazione della deputata SP Danielle Kaufmann: &#8222;Se i Verdi di Basilea presentano un candidato per un seggio occupato dal SP di Basilea Citt\u00e0, quale potrebbe essere il significato di questa candidatura?&#8220;<\/p>\n\n\n\n<p>In sintesi: A Basilea, nella sinistra, c&#8217;\u00e8 tensione tra i Verdi e i Socialdemocratici. Per Mustafa Atici, questo significa non solo difendere il seggio contro una candidatura del FDP, che dovrebbe essere annunciata questa settimana, ma anche contro il partito ecologista vicino. Le elezioni si terranno il 3 marzo 2024.<\/p>\n","protected":false},"excerpt":{"rendered":"<p>Die Basler Sozialdemokraten haben entschieden, wer den Sitz des ehemaligen Nationalrats Beat Jans verteidigen soll. Doch auch aus dem linken Lager gibt es Konkurrenz. Aufgrund einer Reduzierung der Sitze im Kanton Basel-Stadt verlor er Ende Oktober sein Amt im Nationalrat. Jetzt will Mustafa Atici f\u00fcr die SP in die Regierung. Bild: zvg BS Nach einer [&hellip;]<\/p>\n","protected":false},"author":1,"featured_media":478,"comment_status":"open","ping_status":"open","sticky":false,"template":"","format":"standard","meta":{"footnotes":""},"categories":[14,5,2],"tags":[],"class_list":["post-477","post","type-post","status-publish","format-standard","has-post-thumbnail","hentry","category-news","category-politik","category-schweiz"],"aioseo_notices":[],"_links":{"self":[{"href":"https:\/\/isvicreninsesi.ch\/de\/wp-json\/wp\/v2\/posts\/477","targetHints":{"allow":["GET"]}}],"collection":[{"href":"https:\/\/isvicreninsesi.ch\/de\/wp-json\/wp\/v2\/posts"}],"about":[{"href":"https:\/\/isvicreninsesi.ch\/de\/wp-json\/wp\/v2\/types\/post"}],"author":[{"embeddable":true,"href":"https:\/\/isvicreninsesi.ch\/de\/wp-json\/wp\/v2\/users\/1"}],"replies":[{"embeddable":true,"href":"https:\/\/isvicreninsesi.ch\/de\/wp-json\/wp\/v2\/comments?post=477"}],"version-history":[{"count":1,"href":"https:\/\/isvicreninsesi.ch\/de\/wp-json\/wp\/v2\/posts\/477\/revisions"}],"predecessor-version":[{"id":479,"href":"https:\/\/isvicreninsesi.ch\/de\/wp-json\/wp\/v2\/posts\/477\/revisions\/479"}],"wp:featuredmedia":[{"embeddable":true,"href":"https:\/\/isvicreninsesi.ch\/de\/wp-json\/wp\/v2\/media\/478"}],"wp:attachment":[{"href":"https:\/\/isvicreninsesi.ch\/de\/wp-json\/wp\/v2\/media?parent=477"}],"wp:term":[{"taxonomy":"category","embeddable":true,"href":"https:\/\/isvicreninsesi.ch\/de\/wp-json\/wp\/v2\/categories?post=477"},{"taxonomy":"post_tag","embeddable":true,"href":"https:\/\/isvicreninsesi.ch\/de\/wp-json\/wp\/v2\/tags?post=477"}],"curies":[{"name":"wp","href":"https:\/\/api.w.org\/{rel}","templated":true}]}}