{"id":474,"date":"2024-01-06T13:12:42","date_gmt":"2024-01-06T10:12:42","guid":{"rendered":"https:\/\/isvicreninsesi.ch\/de\/?p=474"},"modified":"2024-01-06T13:12:44","modified_gmt":"2024-01-06T10:12:44","slug":"sibel-arslan-gewinnt-klage-gegen-glarner-wegen-gefaelschtem-video","status":"publish","type":"post","link":"https:\/\/isvicreninsesi.ch\/de\/sibel-arslan-gewinnt-klage-gegen-glarner-wegen-gefaelschtem-video\/","title":{"rendered":"Sibel Arslan gewinnt Klage gegen Glarner wegen gef\u00e4lschtem Video"},"content":{"rendered":"\n<p><strong>Klage von Sibel Arslan: Nationalrat Andreas Glarner muss wegen Fake-Video zahlen<\/strong><\/p>\n\n\n\n<p>Der Schweizerische Nationalrat Andreas Glarner (SVP\/AG) ist dazu verurteilt worden, aufgrund eines Fake-Videos mit Nationalr\u00e4tin Sibel Arslan (Gr\u00fcne\/BS) fast 4000 Franken zu zahlen.<\/p>\n\n\n\n<p><a data-saferedirecturl=\"https:\/\/www.google.com\/url?q=https:\/\/cdnapisec.kaltura.com\/p\/1719221\/sp\/171922100\/playManifest\/entryId\/1_irre8xwc\/format\/applehttp\/protocol\/https\/a.m3u8&amp;source=gmail&amp;ust=1704617795438000&amp;usg=AOvVaw3CcnrlheB2DtYL6kzZJout\" style=\"color: rgb(17, 85, 204); font-family: Arial, Helvetica, sans-serif; font-size: small; white-space-collapse: collapse;\" href=\"https:\/\/cdnapisec.kaltura.com\/p\/1719221\/sp\/171922100\/playManifest\/entryId\/1_irre8xwc\/format\/applehttp\/protocol\/https\/a.m3u8\" target=\"_blank\" rel=\"noopener\">https:\/\/cdnapisec.kaltura.com\/p\/1719221\/sp\/171922100\/playManifest\/entryId\/1_irre8xwc\/format\/applehttp\/protocol\/https\/a.m3u8<\/a><\/p>\n\n\n\n<p>Video Quelle: Telez\u00fcri<\/p>\n\n\n\n<p>Glarner hatte das Video, das mithilfe k\u00fcnstlicher Intelligenz erzeugt worden war, am 16. Oktober des vergangenen Jahres kurz vor den nationalen Wahlen auf X und Instagram ver\u00f6ffentlicht. In dem Video mit dem Titel &#8222;Wenn Sibel Arslan ehrlich w\u00e4re&#8220; \u00e4u\u00dfert ein Fake von Nationalr\u00e4tin Arslan politische Ansichten, die nicht mit ihren tats\u00e4chlichen \u00dcberzeugungen \u00fcbereinstimmen. Es wird behauptet, dass sie dazu aufgerufen habe, bei den letzten Wahlen im Herbst die SVP zu w\u00e4hlen und t\u00fcrkische Straft\u00e4ter auszuschaffen. Auch wurde berichtet, dass Glarner das Video von einer spezialisierten Agentur erstellen lie\u00df.<\/p>\n\n\n\n<p>Die gr\u00fcne Politikerin Arslan reagierte darauf, indem sie rechtliche Schritte gegen Glarner einleitete und ihn wegen Verletzung ihrer Pers\u00f6nlichkeitsrechte verklagte. Der Entscheid des Basler Zivilgerichts, datiert vom 20. November 2023, liegt der Nachrichtenagentur Keystone-SDA vor und ist rechtskr\u00e4ftig geworden, da sich Glarner in dem Verfahren nicht verteidigte.<\/p>\n\n\n\n<p>Frans\u0131zca: <strong>Sibel Arslan remporte son proc\u00e8s contre Glarner pour la vid\u00e9o truqu\u00e9e<\/strong><\/p>\n\n\n\n<h3 class=\"wp-block-heading\"><strong>Plainte de Sibel Arslan : Le conseiller national Andreas Glarner doit payer pour une vid\u00e9o truqu\u00e9e<\/strong><\/h3>\n\n\n\n<p>Le conseiller national suisse Andreas Glarner (UDC\/AG) a \u00e9t\u00e9 condamn\u00e9 \u00e0 verser pr\u00e8s de 4000 francs pour une vid\u00e9o truqu\u00e9e impliquant la conseill\u00e8re nationale Sibel Arslan (Verts\/BS).<\/p>\n\n\n\n<p>Glarner avait publi\u00e9 la vid\u00e9o, cr\u00e9\u00e9e \u00e0 l&#8217;aide de l&#8217;intelligence artificielle, le 16 octobre de l&#8217;ann\u00e9e derni\u00e8re, peu avant les \u00e9lections nationales, sur X et Instagram. Dans la vid\u00e9o intitul\u00e9e &#8222;Si Sibel Arslan \u00e9tait honn\u00eate&#8220;, une fausse vid\u00e9o de la conseill\u00e8re nationale Arslan exprime des opinions politiques qui contredisent ses convictions r\u00e9elles. On pr\u00e9tend qu&#8217;elle aurait appel\u00e9 \u00e0 voter pour l&#8217;UDC lors des derni\u00e8res \u00e9lections d&#8217;automne et \u00e0 expulser les d\u00e9linquants turcs. Il a \u00e9galement \u00e9t\u00e9 rapport\u00e9 que Glarner avait fait r\u00e9aliser la vid\u00e9o par une agence sp\u00e9cialis\u00e9e.<\/p>\n\n\n\n<p>La politicienne verte Arslan a r\u00e9agi en intentant une action en justice contre Glarner, l&#8217;accusant de violation de ses droits personnels. La d\u00e9cision du tribunal civil de B\u00e2le, dat\u00e9e du 20 novembre 2023, a \u00e9t\u00e9 confirm\u00e9e par l&#8217;agence de presse Keystone-SDA et est devenue d\u00e9finitive, Glarner ne s&#8217;\u00e9tant pas d\u00e9fendu dans cette affaire.<\/p>\n\n\n\n<h3 class=\"wp-block-heading\"><\/h3>\n\n\n\n<p>\u0130talyanca: <strong>Sibel Arslan vince la causa contro Glarner per il video falso<\/strong><\/p>\n\n\n\n<h3 class=\"wp-block-heading\"><strong>Ricorso di Sibel Arslan: il Consigliere Nazionale Andreas Glarner deve pagare per un video falso<\/strong><\/h3>\n\n\n\n<p>Il Consigliere Nazionale svizzero Andreas Glarner (UDC\/AG) \u00e8 stato condannato a pagare quasi 4000 franchi per un video falso con la Consigliera Nazionale Sibel Arslan (Verdi\/BS).<\/p>\n\n\n\n<p>Glarner aveva pubblicato il video, generato tramite intelligenza artificiale, il 16 ottobre dello scorso anno poco prima delle elezioni nazionali, su X e Instagram. Nel video dal titolo &#8222;Se Sibel Arslan fosse onesta&#8220;, un falso della Consigliera Nazionale Arslan esprime opinioni politiche che contrastano con le sue effettive convinzioni. Si afferma che, secondo tagesanzeiger.ch, avrebbe invitato a votare per l&#8217;UDC nelle elezioni dell&#8217;autunno scorso e a espellere i criminali turchi. Si \u00e8 anche appreso che Glarner avrebbe commissionato il video a un&#8217;agenzia specializzata.<\/p>\n\n\n\n<p>La politica verde Arslan ha quindi intentato una causa legale contro Glarner, denunciandolo per violazione dei suoi diritti personali. La decisione del tribunale civile di Basilea, datata 20 novembre 2023, \u00e8 stata confermata dall&#8217;agenzia di stampa Keystone-SDA ed \u00e8 diventata definitiva in quanto Glarner non si \u00e8 difeso nel processo.<\/p>\n\n\n\n<p><\/p>\n","protected":false},"excerpt":{"rendered":"<p>Klage von Sibel Arslan: Nationalrat Andreas Glarner muss wegen Fake-Video zahlen Der Schweizerische Nationalrat Andreas Glarner (SVP\/AG) ist dazu verurteilt worden, aufgrund eines Fake-Videos mit Nationalr\u00e4tin Sibel Arslan (Gr\u00fcne\/BS) fast 4000 Franken zu zahlen. https:\/\/cdnapisec.kaltura.com\/p\/1719221\/sp\/171922100\/playManifest\/entryId\/1_irre8xwc\/format\/applehttp\/protocol\/https\/a.m3u8 Video Quelle: Telez\u00fcri Glarner hatte das Video, das mithilfe k\u00fcnstlicher Intelligenz erzeugt worden war, am 16. Oktober des vergangenen Jahres [&hellip;]<\/p>\n","protected":false},"author":1,"featured_media":0,"comment_status":"open","ping_status":"open","sticky":false,"template":"","format":"standard","meta":{"footnotes":""},"categories":[14,5,2],"tags":[58],"class_list":["post-474","post","type-post","status-publish","format-standard","hentry","category-news","category-politik","category-schweiz","tag-sibel-arslan-isvicre-andreas-glarner"],"aioseo_notices":[],"_links":{"self":[{"href":"https:\/\/isvicreninsesi.ch\/de\/wp-json\/wp\/v2\/posts\/474","targetHints":{"allow":["GET"]}}],"collection":[{"href":"https:\/\/isvicreninsesi.ch\/de\/wp-json\/wp\/v2\/posts"}],"about":[{"href":"https:\/\/isvicreninsesi.ch\/de\/wp-json\/wp\/v2\/types\/post"}],"author":[{"embeddable":true,"href":"https:\/\/isvicreninsesi.ch\/de\/wp-json\/wp\/v2\/users\/1"}],"replies":[{"embeddable":true,"href":"https:\/\/isvicreninsesi.ch\/de\/wp-json\/wp\/v2\/comments?post=474"}],"version-history":[{"count":1,"href":"https:\/\/isvicreninsesi.ch\/de\/wp-json\/wp\/v2\/posts\/474\/revisions"}],"predecessor-version":[{"id":476,"href":"https:\/\/isvicreninsesi.ch\/de\/wp-json\/wp\/v2\/posts\/474\/revisions\/476"}],"wp:attachment":[{"href":"https:\/\/isvicreninsesi.ch\/de\/wp-json\/wp\/v2\/media?parent=474"}],"wp:term":[{"taxonomy":"category","embeddable":true,"href":"https:\/\/isvicreninsesi.ch\/de\/wp-json\/wp\/v2\/categories?post=474"},{"taxonomy":"post_tag","embeddable":true,"href":"https:\/\/isvicreninsesi.ch\/de\/wp-json\/wp\/v2\/tags?post=474"}],"curies":[{"name":"wp","href":"https:\/\/api.w.org\/{rel}","templated":true}]}}