{"id":460,"date":"2024-01-04T21:59:22","date_gmt":"2024-01-04T18:59:22","guid":{"rendered":"https:\/\/isvicreninsesi.ch\/de\/?p=460"},"modified":"2024-01-04T22:13:34","modified_gmt":"2024-01-04T19:13:34","slug":"st-gallen-kontroverse-um-senkung-der-einbuergerungsgebuehren-fuer-jugendliche","status":"publish","type":"post","link":"https:\/\/isvicreninsesi.ch\/de\/st-gallen-kontroverse-um-senkung-der-einbuergerungsgebuehren-fuer-jugendliche\/","title":{"rendered":"St.Gallen: Kontroverse um Senkung der Einb\u00fcrgerungsgeb\u00fchren f\u00fcr Jugendliche"},"content":{"rendered":"\n<p><strong>St.Gallen: Kontroverse um Senkung der Einb\u00fcrgerungsgeb\u00fchren f\u00fcr Jugendliche<\/strong><\/p>\n\n\n\n<p>In St.Gallen steht eine Neuregelung der Einb\u00fcrgerungsgeb\u00fchren f\u00fcr Personen unter 25 Jahren bevor, die jedoch auf Widerstand st\u00f6\u00dft. Ab 2024 wird es g\u00fcnstiger, Schweizer Staatsb\u00fcrger in der Stadt St.Gallen zu werden. Der Stadtrat beschloss, die Geb\u00fchren f\u00fcr Einb\u00fcrgerungen um die H\u00e4lfte zu reduzieren.<\/p>\n\n\n\n<p>Dieser Schritt ist eine Reaktion auf den Vorsto\u00df verschiedener Parteienparlamentarier im Februar 2022, die den Stadtrat aufgefordert hatten, M\u00f6glichkeiten zur Senkung der Einb\u00fcrgerungskosten zu pr\u00fcfen.<\/p>\n\n\n\n<p>Insbesondere bei jungen Menschen waren die Geb\u00fchren im Vergleich zu anderen Schweizer St\u00e4dten \u00fcberdurchschnittlich hoch, so ein Bericht des &#8222;St. Galler Tagblatts&#8220;. Die Entscheidung des Stadtrats hat daher konkrete Auswirkungen: Personen bis 20 Jahre sind nun von den Einb\u00fcrgerungsgeb\u00fchren befreit, die zuvor etwa 550 Franken betrugen.<\/p>\n\n\n\n<p>Auch die st\u00e4dtischen Geb\u00fchren f\u00fcr Einzelpersonen zwischen 20 und 25 Jahren entfallen.<\/p>\n\n\n\n<p>Trotz dieser \u00c4nderungen erheben Bund und Kanton weiterhin Geb\u00fchren f\u00fcr den Einb\u00fcrgerungsprozess, die bisher bei 950 Franken lagen. Es ist jedoch wichtig anzumerken, dass die Reduzierung der st\u00e4dtischen Geb\u00fchren nicht bedeutet, dass junge Menschen, die eine Einb\u00fcrgerung anstreben, vollst\u00e4ndig von s\u00e4mtlichen Kosten befreit sind.<\/p>\n\n\n\n<p>Der Einb\u00fcrgerungsprozess involviert neben der Stadt auch den Bund und den Kanton, die ebenfalls Geb\u00fchren erheben. Zus\u00e4tzlich sind die Ortsgemeinden St.Gallen und St.Gallen-Tablat beteiligt, deren Einb\u00fcrgerungsr\u00e4te die Einb\u00fcrgerungsgespr\u00e4che f\u00fchren und daf\u00fcr eine Verg\u00fctung von der Stadt erhalten.<\/p>\n\n\n\n<p>Die Verg\u00fctung betrug bisher 450 Franken f\u00fcr eine allgemeine Einb\u00fcrgerung und 300 Franken f\u00fcr eine spezielle Einb\u00fcrgerung. Neu wird eine Pauschale von 200 Franken erhoben.<\/p>\n\n\n\n<p>Der Pr\u00e4sident der SVP-Stadtpartei, Donat Kuratli, \u00e4u\u00dferte sich kritisch \u00fcber die Entscheidung, die Geb\u00fchren von 950 Franken auf null zu reduzieren, insbesondere f\u00fcr Personen bis 25 Jahre. Er verstehe zwar die Anpassung der Geb\u00fchren f\u00fcr Unter-20-J\u00e4hrige, halte jedoch die komplette Streichung f\u00fcr \u00fcbertrieben.<\/p>\n\n\n\n<h3 class=\"wp-block-heading\">Franz\u00f6sisch: <strong>St-Gall : D\u00e9bat sur la r\u00e9duction des frais de naturalisation<\/strong><\/h3>\n\n\n\n<p><strong>St-Gall : Controverse autour de la r\u00e9duction des frais de naturalisation pour les jeunes<\/strong><\/p>\n\n\n\n<p>\u00c0 St-Gall, une r\u00e9vision des frais de naturalisation pour les personnes de moins de 25 ans suscite la controverse. \u00c0 partir de 2024, il sera moins co\u00fbteux de devenir citoyen suisse dans la ville de St-Gall. Le Conseil municipal a d\u00e9cid\u00e9 de r\u00e9duire de moiti\u00e9 les frais de naturalisation.<\/p>\n\n\n\n<p>Cette mesure fait suite \u00e0 une initiative de divers parlementaires de diff\u00e9rents partis en f\u00e9vrier 2022, demandant au Conseil municipal d&#8217;examiner des moyens de r\u00e9duire les co\u00fbts de naturalisation.<\/p>\n\n\n\n<p>Notamment chez les jeunes, les frais \u00e9taient consid\u00e9rablement plus \u00e9lev\u00e9s par rapport \u00e0 d&#8217;autres villes suisses, selon un rapport du &#8222;St. Galler Tagblatt&#8220;. La d\u00e9cision du Conseil municipal a donc des cons\u00e9quences concr\u00e8tes : les personnes jusqu&#8217;\u00e0 20 ans sont d\u00e9sormais exempt\u00e9es des frais de naturalisation, qui \u00e9taient auparavant d&#8217;environ 550 francs.<\/p>\n\n\n\n<p>Les frais municipaux pour les personnes de 20 \u00e0 25 ans sont \u00e9galement annul\u00e9s.<\/p>\n\n\n\n<p>Malgr\u00e9 ces changements, la Conf\u00e9d\u00e9ration et le canton continuent \u00e0 percevoir des frais pour le processus de naturalisation, qui s&#8217;\u00e9levaient jusqu&#8217;\u00e0 pr\u00e9sent \u00e0 950 francs. Il est cependant important de noter que la r\u00e9duction des frais municipaux ne signifie pas que les jeunes aspirant \u00e0 la naturalisation sont totalement exon\u00e9r\u00e9s de tous les co\u00fbts.<\/p>\n\n\n\n<p>Le processus de naturalisation implique, en plus de la ville, la Conf\u00e9d\u00e9ration et le canton, qui per\u00e7oivent \u00e9galement des frais. De plus, les communaut\u00e9s locales de St-Gall et St-Gall-Tablat sont impliqu\u00e9es, leurs comit\u00e9s de naturalisation menant les entretiens de naturalisation et recevant une r\u00e9mun\u00e9ration de la part de la ville.<\/p>\n\n\n\n<p>La r\u00e9mun\u00e9ration \u00e9tait jusqu&#8217;\u00e0 pr\u00e9sent de 450 francs pour une naturalisation ordinaire et de 300 francs pour une naturalisation sp\u00e9ciale. Une nouvelle redevance forfaitaire de 200 francs sera d\u00e9sormais appliqu\u00e9e.<\/p>\n\n\n\n<p>Le pr\u00e9sident du parti de la ville de l&#8217;UDC, Donat Kuratli, s&#8217;est exprim\u00e9 avec scepticisme concernant la d\u00e9cision de r\u00e9duire les frais de 950 \u00e0 z\u00e9ro, en particulier pour les personnes jusqu&#8217;\u00e0 25 ans. Bien qu&#8217;il comprenne l&#8217;adaptation des frais pour les moins de 20 ans, il estime que la suppression totale est exag\u00e9r\u00e9e.<\/p>\n\n\n\n<hr class=\"wp-block-separator has-alpha-channel-opacity\"\/>\n\n\n\n<h3 class=\"wp-block-heading\">Italienisch: <strong>San Gallo: Polemiche sulla riduzione dei costi di naturalizzazione<\/strong><\/h3>\n\n\n\n<p><strong>San Gallo: Polemiche sulla riduzione delle tasse di naturalizzazione per i giovani<\/strong><\/p>\n\n\n\n<p>A San Gallo, una modifica delle tasse di naturalizzazione per le persone sotto i 25 anni ha suscitato polemiche. A partire dal 2024, diventer\u00e0 meno costoso diventare cittadino svizzero nella citt\u00e0 di San Gallo. Il Consiglio comunale ha deciso di ridurre del 50% le tasse di naturalizzazione.<\/p>\n\n\n\n<p>Questo passo \u00e8 una risposta a un&#8217;iniziativa di vari parlamentari di diversi partiti nel febbraio 2022, che hanno chiesto al Consiglio comunale di esaminare possibilit\u00e0 di riduzione dei costi di naturalizzazione.<\/p>\n\n\n\n<p>In particolare, tra i giovani, le tasse erano notevolmente pi\u00f9 alte rispetto ad altre citt\u00e0 svizzere, secondo quanto riportato dal &#8222;St. Galler Tagblatt&#8220;. La decisione del Consiglio comunale ha quindi effetti concreti: le persone fino ai 20 anni sono ora esentate dalle tasse di naturalizzazione, che prima ammontavano a circa 550 franchi.<\/p>\n\n\n\n<p>Anche le tasse comunali per persone tra i 20 e i 25 anni sono eliminate.<\/p>\n\n\n\n<p>Nonostante queste modifiche, Confederazione e cantone continuano a richiedere tasse per il processo di naturalizzazione, che prima erano di 950 franchi. \u00c8 comunque importante sottolineare che la riduzione delle tasse comunali non significa che i giovani che desiderano la naturalizzazione siano completamente esenti da tutti i costi.<\/p>\n\n\n\n<p>Il processo di naturalizzazione coinvolge, oltre al comune, Confederazione e cantone, che richiedono anch&#8217;essi tasse. Inoltre, sono coinvolte le comunit\u00e0 locali di San Gallo e San Gallo-Tablat, i cui comitati di naturalizzazione conducono i colloqui di naturalizzazione e ricevono un compenso dal comune.<\/p>\n\n\n\n<p>Il compenso era fino a oggi di 450 franchi per una naturalizzazione generale e di 300 franchi per una naturalizzazione speciale. Ora verr\u00e0 applicata una nuova tariffa forfettaria di 200 franchi.<\/p>\n\n\n\n<p>Il presidente del partito cittadino dell&#8217;UDC, Donat Kuratli, si \u00e8 espresso con scetticismo riguardo alla decisione di ridurre le tasse da 950 a zero, in particolare per le persone fino a 25 anni. Anche se comprende l&#8217;adeguamento delle tasse per i sotto i 20 anni, ritiene che l&#8217;esenzione totale sia esagerata.<\/p>\n","protected":false},"excerpt":{"rendered":"<p>St.Gallen: Kontroverse um Senkung der Einb\u00fcrgerungsgeb\u00fchren f\u00fcr Jugendliche In St.Gallen steht eine Neuregelung der Einb\u00fcrgerungsgeb\u00fchren f\u00fcr Personen unter 25 Jahren bevor, die jedoch auf Widerstand st\u00f6\u00dft. Ab 2024 wird es g\u00fcnstiger, Schweizer Staatsb\u00fcrger in der Stadt St.Gallen zu werden. Der Stadtrat beschloss, die Geb\u00fchren f\u00fcr Einb\u00fcrgerungen um die H\u00e4lfte zu reduzieren. Dieser Schritt ist eine [&hellip;]<\/p>\n","protected":false},"author":1,"featured_media":0,"comment_status":"open","ping_status":"open","sticky":false,"template":"","format":"standard","meta":{"footnotes":""},"categories":[7,14,5],"tags":[],"class_list":["post-460","post","type-post","status-publish","format-standard","hentry","category-hit","category-news","category-politik"],"aioseo_notices":[],"_links":{"self":[{"href":"https:\/\/isvicreninsesi.ch\/de\/wp-json\/wp\/v2\/posts\/460","targetHints":{"allow":["GET"]}}],"collection":[{"href":"https:\/\/isvicreninsesi.ch\/de\/wp-json\/wp\/v2\/posts"}],"about":[{"href":"https:\/\/isvicreninsesi.ch\/de\/wp-json\/wp\/v2\/types\/post"}],"author":[{"embeddable":true,"href":"https:\/\/isvicreninsesi.ch\/de\/wp-json\/wp\/v2\/users\/1"}],"replies":[{"embeddable":true,"href":"https:\/\/isvicreninsesi.ch\/de\/wp-json\/wp\/v2\/comments?post=460"}],"version-history":[{"count":2,"href":"https:\/\/isvicreninsesi.ch\/de\/wp-json\/wp\/v2\/posts\/460\/revisions"}],"predecessor-version":[{"id":463,"href":"https:\/\/isvicreninsesi.ch\/de\/wp-json\/wp\/v2\/posts\/460\/revisions\/463"}],"wp:attachment":[{"href":"https:\/\/isvicreninsesi.ch\/de\/wp-json\/wp\/v2\/media?parent=460"}],"wp:term":[{"taxonomy":"category","embeddable":true,"href":"https:\/\/isvicreninsesi.ch\/de\/wp-json\/wp\/v2\/categories?post=460"},{"taxonomy":"post_tag","embeddable":true,"href":"https:\/\/isvicreninsesi.ch\/de\/wp-json\/wp\/v2\/tags?post=460"}],"curies":[{"name":"wp","href":"https:\/\/api.w.org\/{rel}","templated":true}]}}