{"id":434,"date":"2024-01-02T14:12:55","date_gmt":"2024-01-02T11:12:55","guid":{"rendered":"https:\/\/isvicreninsesi.ch\/de\/?p=434"},"modified":"2024-01-02T14:17:18","modified_gmt":"2024-01-02T11:17:18","slug":"rts-wird-keine-filme-mit-gerard-depardieu-zeigen","status":"publish","type":"post","link":"https:\/\/isvicreninsesi.ch\/de\/rts-wird-keine-filme-mit-gerard-depardieu-zeigen\/","title":{"rendered":"RTS wird keine Filme mit G\u00e9rard Depardieu zeigen"},"content":{"rendered":"\n<p>Cemil Baysal &#8211; Der Westschweizer Rundfunk RTS wird vorerst keine Filme mehr ausstrahlen, in denen der franz\u00f6sische Schauspieler G\u00e9rard Depardieu die Hauptrolle spielt. Die Anschuldigungen sexueller Bel\u00e4stigung gegen den 75-j\u00e4hrigen Schauspieler werden als einer der Hauptgr\u00fcnde f\u00fcr diese Entscheidung genannt.<\/p>\n\n\n\n<h4 class=\"wp-block-heading\">Entscheidung von RTS<\/h4>\n\n\n\n<p>Ein Sprecher von RTS best\u00e4tigte am Sonntag gegen\u00fcber Keystone-SDA die Informationen der Zeitung &#8222;Le Matin Dimanche&#8220;. Die Entscheidung, vorerst keine Filme mit Depardieu zu zeigen, wird als pragmatisch betrachtet und kann je nach Entwicklung erneut \u00fcberpr\u00fcft werden.<\/p>\n\n\n\n<h4 class=\"wp-block-heading\">Anschuldigungen gegen Depardieu<\/h4>\n\n\n\n<p>G\u00e9rard Depardieu steht seit langem unter Anschuldigungen sexueller Bel\u00e4stigung von Frauen. 2018 wurde der Schauspieler von der Schauspielerin Charlotte Arnould der Vergewaltigung beschuldigt. Dieser Fall ist immer noch in Bearbeitung. Seit Mitte September l\u00e4uft angeblich ein weiterer Fall von sexuellem Missbrauch aus dem Jahr 2007. Der mehrfach ausgezeichnete Schauspieler bestreitet diese Vorw\u00fcrfe entschieden.<\/p>\n\n\n\n<h4 class=\"wp-block-heading\">Image von Depardieu besch\u00e4digt<\/h4>\n\n\n\n<p>Depardieus Image wurde k\u00fcrzlich durch erniedrigende und verst\u00f6rende \u00c4u\u00dferungen in einer Dokumentation \u00fcber Nordkorea ernsthaft besch\u00e4digt. Insbesondere seine spezifischen Kommentare, insbesondere diejenigen, die abwertend gegen\u00fcber Frauen waren, l\u00f6sten internationale Reaktionen aus. Die franz\u00f6sische Kulturministerin Rima Abdul-Malak bezeichnete diese \u00c4u\u00dferungen als &#8222;widerlich&#8220; und bezeichnete das Verhalten von Depardieu als eine &#8222;Schande&#8220;.<\/p>\n\n\n\n<h4 class=\"wp-block-heading\">RTS&#8216; sensible Programmgestaltung<\/h4>\n\n\n\n<p>RTS hatte bereits in \u00e4hnlichen F\u00e4llen Entscheidungen getroffen. So wurden beispielsweise Programme des franz\u00f6sischen Komikers Pierre Palmade aus dem Programm genommen, als dieser im Februar in einen Unfall verwickelt war, bei dem drei Personen schwer verletzt wurden und er unter dem Einfluss von Kokain stand. Der Sender RTS zeigt eine sensible Herangehensweise bei der Auswahl von Inhalten.<\/p>\n\n\n\n<h4 class=\"wp-block-heading\">RTS ne diffusera pas les films de G\u00e9rard Depardieu<\/h4>\n\n\n\n<p>La t\u00e9l\u00e9vision suisse romande RTS ne diffusera pas pour l&#8217;instant les films dans lesquels l&#8217;acteur fran\u00e7ais G\u00e9rard Depardieu joue en t\u00eate d&#8217;affiche. Les all\u00e9gations de harc\u00e8lement sexuel port\u00e9es contre l&#8217;acteur de 75 ans sont cit\u00e9es parmi les raisons principales de cette d\u00e9cision.<\/p>\n\n\n\n<p>Un porte-parole de la RTS a confirm\u00e9 dimanche \u00e0 Keystone-SDA les informations rapport\u00e9es par le journal &#8222;Le Matin Dimanche&#8220;. La d\u00e9cision de ne pas diffuser pour l&#8217;instant les films mettant en sc\u00e8ne Depardieu est qualifi\u00e9e de pragmatique et pourra \u00eatre r\u00e9\u00e9valu\u00e9e en fonction des d\u00e9veloppements \u00e0 venir.<\/p>\n\n\n\n<p>G\u00e9rard Depardieu fait face depuis longtemps \u00e0 des all\u00e9gations de harc\u00e8lement sexuel \u00e9manant de femmes. En 2018, l&#8217;acteur a \u00e9t\u00e9 accus\u00e9 de viol par l&#8217;actrice Charlotte Arnould. Ce dossier est toujours en cours. De plus, depuis la mi-septembre, une autre affaire de harc\u00e8lement sexuel pr\u00e9sum\u00e9 en 2007 serait en cours. L&#8217;acteur, r\u00e9compens\u00e9 \u00e0 maintes reprises, nie cat\u00e9goriquement ces accusations.<\/p>\n\n\n\n<p>L&#8217;image de Depardieu a \u00e9t\u00e9 s\u00e9rieusement entach\u00e9e r\u00e9cemment par des d\u00e9clarations humiliantes et troublantes faites lors d&#8217;un documentaire sur la Cor\u00e9e du Nord. Ses commentaires sp\u00e9cifiques, surtout ceux qui \u00e9taient d\u00e9gradants envers les femmes, ont suscit\u00e9 des r\u00e9actions internationales. La ministre fran\u00e7aise de la Culture, Rima Abdul-Malak, a qualifi\u00e9 ces d\u00e9clarations de &#8222;r\u00e9voltantes&#8220; et a d\u00e9crit le comportement de Depardieu<\/p>\n","protected":false},"excerpt":{"rendered":"<p>Cemil Baysal &#8211; Der Westschweizer Rundfunk RTS wird vorerst keine Filme mehr ausstrahlen, in denen der franz\u00f6sische Schauspieler G\u00e9rard Depardieu die Hauptrolle spielt. Die Anschuldigungen sexueller Bel\u00e4stigung gegen den 75-j\u00e4hrigen Schauspieler werden als einer der Hauptgr\u00fcnde f\u00fcr diese Entscheidung genannt. Entscheidung von RTS Ein Sprecher von RTS best\u00e4tigte am Sonntag gegen\u00fcber Keystone-SDA die Informationen der [&hellip;]<\/p>\n","protected":false},"author":1,"featured_media":0,"comment_status":"open","ping_status":"open","sticky":false,"template":"","format":"standard","meta":{"footnotes":""},"categories":[7,8,14],"tags":[56],"class_list":["post-434","post","type-post","status-publish","format-standard","hentry","category-hit","category-kunst-kultur","category-news","tag-gerard-depardie-rts"],"aioseo_notices":[],"_links":{"self":[{"href":"https:\/\/isvicreninsesi.ch\/de\/wp-json\/wp\/v2\/posts\/434","targetHints":{"allow":["GET"]}}],"collection":[{"href":"https:\/\/isvicreninsesi.ch\/de\/wp-json\/wp\/v2\/posts"}],"about":[{"href":"https:\/\/isvicreninsesi.ch\/de\/wp-json\/wp\/v2\/types\/post"}],"author":[{"embeddable":true,"href":"https:\/\/isvicreninsesi.ch\/de\/wp-json\/wp\/v2\/users\/1"}],"replies":[{"embeddable":true,"href":"https:\/\/isvicreninsesi.ch\/de\/wp-json\/wp\/v2\/comments?post=434"}],"version-history":[{"count":2,"href":"https:\/\/isvicreninsesi.ch\/de\/wp-json\/wp\/v2\/posts\/434\/revisions"}],"predecessor-version":[{"id":438,"href":"https:\/\/isvicreninsesi.ch\/de\/wp-json\/wp\/v2\/posts\/434\/revisions\/438"}],"wp:attachment":[{"href":"https:\/\/isvicreninsesi.ch\/de\/wp-json\/wp\/v2\/media?parent=434"}],"wp:term":[{"taxonomy":"category","embeddable":true,"href":"https:\/\/isvicreninsesi.ch\/de\/wp-json\/wp\/v2\/categories?post=434"},{"taxonomy":"post_tag","embeddable":true,"href":"https:\/\/isvicreninsesi.ch\/de\/wp-json\/wp\/v2\/tags?post=434"}],"curies":[{"name":"wp","href":"https:\/\/api.w.org\/{rel}","templated":true}]}}