{"id":425,"date":"2024-01-02T12:52:45","date_gmt":"2024-01-02T09:52:45","guid":{"rendered":"https:\/\/isvicreninsesi.ch\/de\/?p=425"},"modified":"2024-01-02T13:32:29","modified_gmt":"2024-01-02T10:32:29","slug":"tragische-reise-ganire-pasayevas-vermaechtnis-und-die-unvollendete-geschichte-von-nevsehir","status":"publish","type":"post","link":"https:\/\/isvicreninsesi.ch\/de\/tragische-reise-ganire-pasayevas-vermaechtnis-und-die-unvollendete-geschichte-von-nevsehir\/","title":{"rendered":"Ganire Pa\u015fayeva: Unvollendete Nev\u015fehir Geschichte"},"content":{"rendered":"\n<p>Tragische Reise: Ganire Pa\u015fayeva&#8217;s Verm\u00e4chtnis und die Unvollendete Geschichte von Nev\u015fehir Kappadokkien<\/p>\n\n\n\n<p>Cemil Baysal &#8211; Die Kurzdokumentation &#8222;Schritt f\u00fcr Schritt T\u00fcrkei&#8220; von Ganire Pa\u015fayeva, einer herausragenden Abgeordneten aus Aserbaidschan, war ein leidenschaftliches Geschenk an die T\u00fcrkische Welt. Sie enth\u00fcllte die zauberhafte Sch\u00f6nheit und die kulturelle Pracht von Nev\u015fehir. Doch diese bedeutungsvolle Reise blieb durch Pa\u015fayeva&#8217;s unerwarteten und tragischen Tod unvollendet. Unter der Regie von Elnura Kazimova kurz vor Fertigstellung, verstarb Pa\u015fayeva pl\u00f6tzlich aufgrund gesundheitlicher Probleme, und ihre unfassbare Abwesenheit hinterlie\u00df eine schmerzhafte L\u00fccke. Die geplante Fortsetzung der Dokumentation an verschiedenen Orten in der T\u00fcrkei konnte nicht verwirklicht werden. Ihr Ableben am 28. September 2023 verwandelte die Geschichte der Dokumentation in eine traurige, unvollendete Erz\u00e4hlung und lie\u00df einen schmerzlichen Abschied zur\u00fcck.<\/p>\n\n\n\n<p>Die Produzenten der Dokumentation, die auf AzTV ausgestrahlt wurde, hoben die enorme Bedeutung von Pa\u015fayeva&#8217;s Werk hervor, die M\u00f6glichkeit, Nev\u015fehir und das reiche kulturelle Erbe der T\u00fcrkei der Welt zu pr\u00e4sentieren. Diese Dokumentation wird als Spiegelbild von Pa\u015fayeva&#8217;s tief verwurzelter Liebe und ihrem bleibenden Erbe in der T\u00fcrkischen Welt in Erinnerung bleiben.<\/p>\n\n\n\n<p><\/p>\n\n\n\n<p>Die Liebe von Pa\u015fayeva zu Nev\u015fehir bleibt in ihren Worten und Werken lebendig. In ihrem Werk &#8222;A\u015f\u0131k Oldum Nev\u015fehir&#8217;e&#8220; spiegelte sie ihre tiefe Verbundenheit und Inspiration zu dieser zauberhaften Stadt wider.<\/p>\n\n\n\n<p><\/p>\n\n\n\n<figure class=\"wp-block-embed is-type-video is-provider-youtube wp-block-embed-youtube wp-embed-aspect-16-9 wp-has-aspect-ratio\"><div class=\"wp-block-embed__wrapper\">\n<iframe title=\"Add\u0131m-Add\u0131m T\u00fcrkiy\u0259 - Nev\u015fehir (Q\u0259nir\u0259 Pa\u015fayeva il\u0259)\" width=\"740\" height=\"416\" src=\"https:\/\/www.youtube.com\/embed\/2gOylt0AnOQ?feature=oembed\" frameborder=\"0\" allow=\"accelerometer; autoplay; clipboard-write; encrypted-media; gyroscope; picture-in-picture; web-share\" allowfullscreen><\/iframe>\n<\/div><\/figure>\n\n\n\n<p>Pa\u015fayeva&#8217;s Beitrag zur Kultur und Kunst erstreckt sich nicht nur auf die Welt der Dokumentationen. Sie pr\u00e4gte auch die t\u00fcrkische Gemeinschaft durch ihre bedeutungsvolle Teilnahme an Poesie-Veranstaltungen, die von Ay\u015fe Paslanmaz in Kapadokya organisiert wurden.<\/p>\n\n\n\n<p>Die Liebe von Pa\u015fayeva zu Nev\u015fehir bleibt in ihren Worten und Werken lebendig. In ihrem Werk &#8222;A\u015f\u0131k Oldum Nev\u015fehir&#8217;e&#8220; spiegelte sie ihre tiefe Verbundenheit und Inspiration zu dieser zauberhaften Stadt wider.<\/p>\n\n\n\n<p><\/p>\n\n\n\n<figure class=\"wp-block-gallery has-nested-images columns-default is-cropped wp-block-gallery-1 is-layout-flex wp-block-gallery-is-layout-flex\">\n<figure class=\"wp-block-image size-large\"><img decoding=\"async\" data-id=\"634\" src=\"https:\/\/isvicreninsesi.ch\/wp-content\/uploads\/2024\/01\/image-3.jpg\" alt=\"\" class=\"wp-image-634\"\/><\/figure>\n\n\n\n<figure class=\"wp-block-image size-large\"><img decoding=\"async\" data-id=\"635\" src=\"https:\/\/isvicreninsesi.ch\/wp-content\/uploads\/2024\/01\/image-4-1-1024x579.jpg\" alt=\"\" class=\"wp-image-635\"\/><\/figure>\n\n\n\n<figure class=\"wp-block-image size-large\"><img decoding=\"async\" data-id=\"636\" src=\"https:\/\/isvicreninsesi.ch\/wp-content\/uploads\/2024\/01\/image-4.jpg\" alt=\"\" class=\"wp-image-636\"\/><\/figure>\n\n\n\n<figure class=\"wp-block-image size-large\"><img decoding=\"async\" data-id=\"637\" src=\"https:\/\/isvicreninsesi.ch\/wp-content\/uploads\/2024\/01\/image-5.jpg\" alt=\"\" class=\"wp-image-637\"\/><\/figure>\n\n\n\n<figure class=\"wp-block-image size-large\"><img decoding=\"async\" data-id=\"638\" src=\"https:\/\/isvicreninsesi.ch\/wp-content\/uploads\/2024\/01\/image-7.jpg\" alt=\"\" class=\"wp-image-638\"\/><\/figure>\n\n\n\n<figure class=\"wp-block-image size-large\"><img decoding=\"async\" data-id=\"639\" src=\"https:\/\/isvicreninsesi.ch\/wp-content\/uploads\/2024\/01\/image-13.jpg\" alt=\"\" class=\"wp-image-639\"\/><\/figure>\n<\/figure>\n\n\n\n<p>Pa\u015fayeva&#8217;s pl\u00f6tzlicher Tod bedeutete nicht nur einen Verlust, sondern hinterlie\u00df eine schmerzhafte L\u00fccke in der T\u00fcrkischen Welt. Ihr Geist wird f\u00fcr immer in der t\u00fcrkischen Kultur durch ihre wertvollen Beitr\u00e4ge weiterleben. Das unfertige Dokumentationsprojekt wird weiterhin als ein Zeugnis von Pa\u015fayeva&#8217;s Geschichte dienen, die abrupt und wie eine unvollendete Melodie endete und tiefe emotionale Spuren hinterlie\u00df.<\/p>\n\n\n\n<p>Beitrag auf <a href=\"https:\/\/isvicreninsesi.ch\/huzunlu-yolculuk-ganire-pasayevanin-mirasi-ve-yarim-kalan-nevsehir-hikayesi\/\" title=\"T\u00fcrkisch\">T\u00fcrkisch<\/a> <\/p>\n","protected":false},"excerpt":{"rendered":"<p>Tragische Reise: Ganire Pa\u015fayeva&#8217;s Verm\u00e4chtnis und die Unvollendete Geschichte von Nev\u015fehir Kappadokkien Cemil Baysal &#8211; Die Kurzdokumentation &#8222;Schritt f\u00fcr Schritt T\u00fcrkei&#8220; von Ganire Pa\u015fayeva, einer herausragenden Abgeordneten aus Aserbaidschan, war ein leidenschaftliches Geschenk an die T\u00fcrkische Welt. Sie enth\u00fcllte die zauberhafte Sch\u00f6nheit und die kulturelle Pracht von Nev\u015fehir. Doch diese bedeutungsvolle Reise blieb durch Pa\u015fayeva&#8217;s [&hellip;]<\/p>\n","protected":false},"author":1,"featured_media":0,"comment_status":"open","ping_status":"open","sticky":false,"template":"","format":"standard","meta":{"footnotes":""},"categories":[7,8,14,6],"tags":[55],"class_list":["post-425","post","type-post","status-publish","format-standard","hentry","category-hit","category-kunst-kultur","category-news","category-reisen","tag-ganire-pasayeva-nevsehir"],"aioseo_notices":[],"_links":{"self":[{"href":"https:\/\/isvicreninsesi.ch\/de\/wp-json\/wp\/v2\/posts\/425","targetHints":{"allow":["GET"]}}],"collection":[{"href":"https:\/\/isvicreninsesi.ch\/de\/wp-json\/wp\/v2\/posts"}],"about":[{"href":"https:\/\/isvicreninsesi.ch\/de\/wp-json\/wp\/v2\/types\/post"}],"author":[{"embeddable":true,"href":"https:\/\/isvicreninsesi.ch\/de\/wp-json\/wp\/v2\/users\/1"}],"replies":[{"embeddable":true,"href":"https:\/\/isvicreninsesi.ch\/de\/wp-json\/wp\/v2\/comments?post=425"}],"version-history":[{"count":6,"href":"https:\/\/isvicreninsesi.ch\/de\/wp-json\/wp\/v2\/posts\/425\/revisions"}],"predecessor-version":[{"id":433,"href":"https:\/\/isvicreninsesi.ch\/de\/wp-json\/wp\/v2\/posts\/425\/revisions\/433"}],"wp:attachment":[{"href":"https:\/\/isvicreninsesi.ch\/de\/wp-json\/wp\/v2\/media?parent=425"}],"wp:term":[{"taxonomy":"category","embeddable":true,"href":"https:\/\/isvicreninsesi.ch\/de\/wp-json\/wp\/v2\/categories?post=425"},{"taxonomy":"post_tag","embeddable":true,"href":"https:\/\/isvicreninsesi.ch\/de\/wp-json\/wp\/v2\/tags?post=425"}],"curies":[{"name":"wp","href":"https:\/\/api.w.org\/{rel}","templated":true}]}}