{"id":416,"date":"2024-01-02T11:47:51","date_gmt":"2024-01-02T08:47:51","guid":{"rendered":"https:\/\/isvicreninsesi.ch\/de\/?p=416"},"modified":"2024-01-02T12:53:50","modified_gmt":"2024-01-02T09:53:50","slug":"cinar-oteli-ein-vermaechtnis-im-herzen-yesilkoeys-verschwindet","status":"publish","type":"post","link":"https:\/\/isvicreninsesi.ch\/de\/cinar-oteli-ein-vermaechtnis-im-herzen-yesilkoeys-verschwindet\/","title":{"rendered":"\u00c7\u0131nar Oteli \u2013 Ein Verm\u00e4chtnis im Herzen Ye\u015filk\u00f6ys verschwindet"},"content":{"rendered":"\n<p>Cemil Baysal &#8211; Die bevorstehende Schlie\u00dfung und der Abriss des \u00c7\u0131nar Oteli, einem ikonischen Wahrzeichen in Ye\u015filk\u00f6y, weckt tiefe Gef\u00fchle der Wehmut. Seit \u00fcber 65 Jahren stolz als das erste 5-Sterne-Hotel der T\u00fcrkei, befindet sich dieses historische Juwel nun auf seinem finalen Pfad.<\/p>\n\n\n\n<p>Haydar \u00c7\u0131nar gr\u00fcndete in den 1950er Jahren das bescheidene 15-Zimmer-Hotel, das unter der neuen Leitung von Tevfik Ercan und seinen Br\u00fcdern 1958 eine monumentale Umgestaltung erfuhr und in neuem Glanz erstrahlte.<\/p>\n\n\n\n<p>Die Hallen des \u00c7\u0131nar Oteli waren Schauplatz unz\u00e4hliger Begegnungen von Ber\u00fchmtheiten und wichtiger Versammlungen. Es diente sogar als Kulisse einer Etappe der weltbekannten Bilderberg-Konferenzen.<\/p>\n\n\n\n<p>Jedoch begann in den 1980er Jahren der schleichende Niedergang des \u00c7\u0131nar Oteli. Neue Konkurrenz und finanzielle Herausforderungen der Ercan-Familie lie\u00dfen die einstige Grandeur des Ortes verblasen. Die wirtschaftlichen Turbulenzen von Tevfik Ercan sowie seine unternehmerische Diversifizierung trugen dazu bei.<\/p>\n\n\n\n<p>Das \u00c7\u0131nar Oteli war ein Magnet f\u00fcr Prominente, von Prinzessin Anne bis hin zu Prinz Rainier und Grace Kelly. Politiker fanden hier nicht nur eine Unterkunft, sondern erlebten Momente, die in die Geschichtsb\u00fccher eingingen; von der Hochzeit von Necmettin Erbakan bis hin zu einem unvergesslichen Foto von B\u00fclent Ecevit auf einem der Balkone.<\/p>\n\n\n\n<figure class=\"wp-block-image size-full is-resized\"><img decoding=\"async\" src=\"https:\/\/isvicreninsesi.ch\/de\/wp-content\/uploads\/2024\/01\/ecevit.jpg\" alt=\"\" class=\"wp-image-423\" style=\"width:840px;height:558px\" width=\"840\" height=\"558\" srcset=\"https:\/\/isvicreninsesi.ch\/de\/wp-content\/uploads\/2024\/01\/ecevit.jpg 849w, https:\/\/isvicreninsesi.ch\/de\/wp-content\/uploads\/2024\/01\/ecevit-300x199.jpg 300w, https:\/\/isvicreninsesi.ch\/de\/wp-content\/uploads\/2024\/01\/ecevit-768x510.jpg 768w\" sizes=\"(max-width: 840px) 100vw, 840px\" \/><\/figure>\n\n\n\n<p>K\u00fcrzlich wurde der Verkauf des \u00c7\u0131nar Oteli an eine usbekische Familie bekanntgegeben. Dies markiert nicht nur das Ende eines architektonischen Meisterwerks, sondern auch das Ende einer Epoche, in der Erinnerungen und Geschichten zu einem lebendigen Erbe verschmolzen.<\/p>\n\n\n\n<p>Der geplante Abriss dieses legend\u00e4ren Ortes bedeutet einen herzzerrei\u00dfenden Abschied von einer Epoche, die mit nostalgischen Momenten und unvergesslichen Erlebnissen reichlich gef\u00fcllt war. Die letzten Tage des \u00c7\u0131nar Oteli markieren das Ende eines Kapitels, das f\u00fcr immer in den Herzen derer, die dort verweilten, weiterleben wird.<\/p>\n\n\n\n<figure class=\"wp-block-image size-full\"><img decoding=\"async\" width=\"555\" height=\"800\" src=\"https:\/\/isvicreninsesi.ch\/de\/wp-content\/uploads\/2024\/01\/1br9qfykugp9q5b1ad7.jpg\" alt=\"\" class=\"wp-image-419\" srcset=\"https:\/\/isvicreninsesi.ch\/de\/wp-content\/uploads\/2024\/01\/1br9qfykugp9q5b1ad7.jpg 555w, https:\/\/isvicreninsesi.ch\/de\/wp-content\/uploads\/2024\/01\/1br9qfykugp9q5b1ad7-208x300.jpg 208w\" sizes=\"(max-width: 555px) 100vw, 555px\" \/><\/figure>\n\n\n\n<figure class=\"wp-block-image size-full\"><img decoding=\"async\" width=\"225\" height=\"225\" src=\"https:\/\/isvicreninsesi.ch\/de\/wp-content\/uploads\/2024\/01\/Download.jpg\" alt=\"\" class=\"wp-image-418\" srcset=\"https:\/\/isvicreninsesi.ch\/de\/wp-content\/uploads\/2024\/01\/Download.jpg 225w, https:\/\/isvicreninsesi.ch\/de\/wp-content\/uploads\/2024\/01\/Download-150x150.jpg 150w\" sizes=\"(max-width: 225px) 100vw, 225px\" \/><\/figure>\n\n\n\n<p><\/p>\n","protected":false},"excerpt":{"rendered":"<p>Cemil Baysal &#8211; Die bevorstehende Schlie\u00dfung und der Abriss des \u00c7\u0131nar Oteli, einem ikonischen Wahrzeichen in Ye\u015filk\u00f6y, weckt tiefe Gef\u00fchle der Wehmut. Seit \u00fcber 65 Jahren stolz als das erste 5-Sterne-Hotel der T\u00fcrkei, befindet sich dieses historische Juwel nun auf seinem finalen Pfad. Haydar \u00c7\u0131nar gr\u00fcndete in den 1950er Jahren das bescheidene 15-Zimmer-Hotel, das unter [&hellip;]<\/p>\n","protected":false},"author":1,"featured_media":0,"comment_status":"open","ping_status":"open","sticky":false,"template":"","format":"standard","meta":{"footnotes":""},"categories":[7,1,14,6],"tags":[],"class_list":["post-416","post","type-post","status-publish","format-standard","hentry","category-hit","category-kino","category-news","category-reisen"],"aioseo_notices":[],"_links":{"self":[{"href":"https:\/\/isvicreninsesi.ch\/de\/wp-json\/wp\/v2\/posts\/416","targetHints":{"allow":["GET"]}}],"collection":[{"href":"https:\/\/isvicreninsesi.ch\/de\/wp-json\/wp\/v2\/posts"}],"about":[{"href":"https:\/\/isvicreninsesi.ch\/de\/wp-json\/wp\/v2\/types\/post"}],"author":[{"embeddable":true,"href":"https:\/\/isvicreninsesi.ch\/de\/wp-json\/wp\/v2\/users\/1"}],"replies":[{"embeddable":true,"href":"https:\/\/isvicreninsesi.ch\/de\/wp-json\/wp\/v2\/comments?post=416"}],"version-history":[{"count":4,"href":"https:\/\/isvicreninsesi.ch\/de\/wp-json\/wp\/v2\/posts\/416\/revisions"}],"predecessor-version":[{"id":424,"href":"https:\/\/isvicreninsesi.ch\/de\/wp-json\/wp\/v2\/posts\/416\/revisions\/424"}],"wp:attachment":[{"href":"https:\/\/isvicreninsesi.ch\/de\/wp-json\/wp\/v2\/media?parent=416"}],"wp:term":[{"taxonomy":"category","embeddable":true,"href":"https:\/\/isvicreninsesi.ch\/de\/wp-json\/wp\/v2\/categories?post=416"},{"taxonomy":"post_tag","embeddable":true,"href":"https:\/\/isvicreninsesi.ch\/de\/wp-json\/wp\/v2\/tags?post=416"}],"curies":[{"name":"wp","href":"https:\/\/api.w.org\/{rel}","templated":true}]}}