{"id":2056,"date":"2026-09-02T15:18:26","date_gmt":"2026-09-02T12:18:26","guid":{"rendered":"https:\/\/isvicreninsesi.ch\/de\/?p=2056"},"modified":"2026-09-02T15:23:45","modified_gmt":"2026-09-02T12:23:45","slug":"ich-habe-mich-nicht-gegen-corona-impfen-lassen-ich-kann-nicht-sagen-dass-ich-recht-hatte-denn-es-gibt-keinen-grund-zur-freude","status":"publish","type":"post","link":"https:\/\/isvicreninsesi.ch\/de\/ich-habe-mich-nicht-gegen-corona-impfen-lassen-ich-kann-nicht-sagen-dass-ich-recht-hatte-denn-es-gibt-keinen-grund-zur-freude\/","title":{"rendered":"Ich habe mich nicht gegen Corona impfen lassen: \u00abIch kann nicht sagen, dass ich recht hatte \u2013 denn es gibt keinen Grund zur Freude\u00bb"},"content":{"rendered":"\n<h3 class=\"wp-block-heading\"><\/h3>\n\n\n\n<h3 class=\"wp-block-heading\">Als ich damals sagte, dass ich nicht geimpft sei, sahen mich manche an, als k\u00e4me ich von einem anderen Planeten. Heute h\u00f6re ich: \u00abGut, dass du es nicht gemacht hast.\u00bb<\/h3>\n\n\n\n<p class=\"wp-block-paragraph\"><strong>Cemil Baysal<\/strong><br>Instagram: <strong><a href=\"http:\/\/instagram.com\/cemil_baysal\" title=\"@cemil_baysal\">@cemil_baysal<\/a><\/strong><\/p>\n\n\n\n<p class=\"wp-block-paragraph\">W\u00e4hrend der Corona-Pandemie ver\u00f6ffentlichte ich zahlreiche Beitr\u00e4ge, in denen ich auf m\u00f6gliche Nebenwirkungen der Impfstoffe aufmerksam machte. Mein Konto und weitere Social-Media-Profile wurden wegen angeblich \u00abirref\u00fchrender und nicht \u00fcberpr\u00fcfter Informationen\u00bb mehrfach eingeschr\u00e4nkt; einzelne Beitr\u00e4ge wurden blockiert. Vielleicht werden meine Konten nun sogar wegen dieser Kolumne wieder gesperrt. \ud83d\ude42<\/p>\n\n\n\n<p class=\"wp-block-paragraph\">Trotzdem schwieg ich nicht. Ich gr\u00fcndete Gruppen auf Telegram und WhatsApp und nutzte alle mir zur Verf\u00fcgung stehenden Kan\u00e4le. Obwohl ich weder finanzielle noch pers\u00f6nliche Interessen verfolgte, versuchte ich, Informationen, unterschiedliche Einsch\u00e4tzungen und Warnungen vor m\u00f6glichen Nebenwirkungen mit anderen Menschen zu teilen.<\/p>\n\n\n\n<p class=\"wp-block-paragraph\">Damals betrachteten viele nahezu jede Medienmeldung und jede Erkl\u00e4rung eines Ministers als unumst\u00f6ssliche Wahrheit. Doch nicht nur w\u00e4hrend einer Pandemie, sondern in allen Lebensbereichen m\u00fcssen wir kritisch hinterfragen. Eine Information wird nicht allein dadurch richtig, dass sie in einer Zeitung ver\u00f6ffentlicht wurde. Wer hat den Beitrag verfasst? Wer hat ihn in Auftrag gegeben? Auf welchen Quellen beruht er? Welche Beziehungen und Interessen k\u00f6nnten dahinterstehen? Auch diese Fragen m\u00fcssen gestellt werden.<\/p>\n\n\n\n<p class=\"wp-block-paragraph\">Wir sollten einer Behauptung nicht blind folgen, nur weil es heisst: \u00abDas soll so sein\u00bb, \u00abDas sagen alle\u00bb, \u00abDas stand in der Zeitung\u00bb oder \u00abDer Minister hat es gesagt\u00bb. Journalismus besteht nicht bloss darin, Aussagen und offizielle Mitteilungen weiterzugeben. Seine eigentliche Aufgabe besteht darin, auch das Ungesagte zu untersuchen und sichtbar zu machen, was hinter dem Offensichtlichen verborgen bleibt.<\/p>\n\n\n\n<p class=\"wp-block-paragraph\">Die Pandemie r\u00fcckte praktisch \u00fcber Nacht ins Zentrum unseres Lebens. Kurze Zeit sp\u00e4ter wurden Impfstoffe entwickelt und fl\u00e4chendeckend eingesetzt. Unter gew\u00f6hnlichen Umst\u00e4nden k\u00f6nnen die Erforschung, Erprobung, Zulassung und breite Anwendung eines Impfstoffs viele Jahre dauern. Dieses Mal verlief der Prozess in aussergew\u00f6hnlichem Tempo. Die weltweite Mobilisierung, enorme finanzielle Mittel, technologische Fortschritte und bereits bestehende Forschungsarbeiten m\u00f6gen diese Entwicklung beschleunigt haben. Doch weshalb sollte es verwerflich sein, einen derart schnellen Prozess, der Millionen Menschen unmittelbar betraf, kritisch zu hinterfragen?<\/p>\n\n\n\n<p class=\"wp-block-paragraph\">Genau das tat ich: Ich stellte Fragen.<\/p>\n\n\n\n<p class=\"wp-block-paragraph\">Als ich sagte: \u00abIch habe mich nicht gegen Corona impfen lassen\u00bb, sahen mich manche an, als k\u00e4me ich von einem anderen Planeten. Als sie erfuhren, dass ich kein Covid-Zertifikat besass, wollten einige nicht einmal mehr mit mir am selben Tisch sitzen. Eine Person sagte: \u00abIch bin Arzt. Du spielst mit der Gesundheit der Menschen.\u00bb Andere fragten: \u00abWillst du es besser wissen als Regierungen und Gesundheitsminister? Weshalb sollten Staaten ihrem eigenen Volk schaden wollen?\u00bb<\/p>\n\n\n\n<p class=\"wp-block-paragraph\">Aber seit wann verfolgen Politiker ausschliesslich die Gesundheit und die Interessen der Bev\u00f6lkerung? Politik ist auch ein Raum von Macht, wirtschaftlichen Interessen, Lobbyismus und erheblichen Interessenkonflikten. Das w\u00e4re zweifellos ein eigenes Thema. Doch das st\u00e4rkste Argument vieler Menschen war damals ihr bedingungsloses Vertrauen darauf, dass Staaten, Beh\u00f6rden und politische Entscheidungstr\u00e4ger keine Fehler machen w\u00fcrden.<\/p>\n\n\n\n<p class=\"wp-block-paragraph\">Dann wurden die Einschr\u00e4nkungen aufgehoben, die Maskenpflicht fiel und die Bev\u00f6lkerung sollte zur Normalit\u00e4t zur\u00fcckkehren. Die Fragen blieben jedoch: War das Virus \u00fcber Nacht verschwunden? Wie konnte ein Kontakt, der gestern noch als gef\u00e4hrlich galt, am n\u00e4chsten Tag pl\u00f6tzlich wieder normal sein? In welchem Umfang beruhten die Entscheidungen auf wissenschaftlichen Erkenntnissen \u2013 und welchen Anteil hatten politische Interessen und wirtschaftliche Zw\u00e4nge? Wurde dies der \u00d6ffentlichkeit ausreichend transparent und verst\u00e4ndlich erkl\u00e4rt?<\/p>\n\n\n\n<p class=\"wp-block-paragraph\">In jener Zeit, in der von der Existenz und der rasanten Ausbreitung des Virus die Rede war, und auch danach war ich kein einziges Mal an einer Grippe erkrankt. Nat\u00fcrlich bedeutet meine pers\u00f6nliche Erfahrung weder, dass das Virus nicht existierte, noch, dass die schweren Krankheitsverl\u00e4ufe anderer Menschen nicht real waren. Ich erhebe meine Erfahrung nicht zum wissenschaftlichen Beweis f\u00fcr die gesamte Gesellschaft. Dennoch hielt und halte ich es f\u00fcr falsch, wegen einer pers\u00f6nlichen Entscheidung \u00fcber meinen K\u00f6rper und meine Gesundheit ausgegrenzt zu werden.<\/p>\n\n\n\n<p class=\"wp-block-paragraph\">Inzwischen sind Jahre vergangen. Heute sagen zahlreiche Menschen in meinem Umfeld zu mir: \u00abGut, dass du dich nicht impfen liessest.\u00bb Manche berichten von gesundheitlichen Problemen, die ihrer Einsch\u00e4tzung nach erst nach der Impfung aufgetreten seien. Einen wissenschaftlich und juristisch belastbaren Zusammenhang zwischen solchen Beschwerden und der Impfung nachzuweisen, ist jedoch \u00e4usserst schwierig. \u00c4rzte stellen h\u00e4ufig keinen direkten Zusammenhang fest. Zwar heisst es, der Rechtsweg stehe offen; tats\u00e4chlich steht Betroffenen jedoch eine kaum \u00fcberwindbare H\u00fcrde gegen\u00fcber: \u00abDann beweisen Sie es.\u00bb<\/p>\n\n\n\n<p class=\"wp-block-paragraph\">Selbstverst\u00e4ndlich ist es nicht seri\u00f6s, jede sp\u00e4ter auftretende Erkrankung automatisch auf die Impfung zur\u00fcckzuf\u00fchren. Eine zeitliche N\u00e4he allein belegt noch keinen urs\u00e4chlichen Zusammenhang. Ebenso falsch w\u00e4re es jedoch, die Erfahrungen der Menschen zu ignorieren, ihre Sorgen geringzusch\u00e4tzen oder ihre Fragen zum Schweigen zu bringen. Was es braucht, sind Transparenz, unabh\u00e4ngige Forschung, wirksame Kontrollen und ein Gesundheitssystem, das den Menschen zuh\u00f6rt, ohne sie vorschnell abzustempeln oder auszugrenzen.<\/p>\n\n\n\n<p class=\"wp-block-paragraph\">Mein grunds\u00e4tzlicher Einwand richtete sich nicht allein gegen die Impfung, sondern vor allem gegen den gesellschaftlichen und politischen Druck. Es hiess: \u00abOhne Impfung darfst du nicht fliegen, hier nicht hinein und dort nicht teilnehmen.\u00bb Manche Menschen hatten Angst, ihre Arbeit und damit ihre wirtschaftliche Existenz zu verlieren. Sie empfanden die Impfung deshalb nicht als freie Entscheidung, sondern als Zwang. Die Gesellschaft wurde derart tief gespalten, dass beinahe der Eindruck entstand: \u00abOhne Covid-Zertifikat kannst du nicht einmal mehr Brot kaufen.\u00bb<\/p>\n\n\n\n<p class=\"wp-block-paragraph\">Der Schutz der \u00f6ffentlichen Gesundheit war in einer solchen Ausnahmesituation zweifellos eine staatliche Aufgabe. Dennoch h\u00e4tte zwischen diesem Schutzauftrag und dem Selbstbestimmungsrecht jedes Menschen \u00fcber den eigenen K\u00f6rper ein gerechter und verh\u00e4ltnism\u00e4ssiger Ausgleich geschaffen werden m\u00fcssen. Menschen h\u00e4tten \u00fcberzeugt und vollst\u00e4ndig informiert werden sollen \u2013 nicht durch Angst, Ausgrenzung oder wirtschaftlichen Druck zu einer Entscheidung gedr\u00e4ngt werden d\u00fcrfen.<\/p>\n\n\n\n<p class=\"wp-block-paragraph\">Heute kann und will ich nicht sagen: \u00abIch hatte recht.\u00bb Denn es gibt keinen Sieg und keinen Grund zur Freude. Wenn ich Menschen begegne, die \u00fcberzeugt sind, ihre Gesundheit verloren zu haben, empfinde ich keine Genugtuung, sondern Trauer.<\/p>\n\n\n\n<p class=\"wp-block-paragraph\">Die entscheidende Lehre aus dieser Zeit darf deshalb nicht lauten, wer am Ende recht behalten hat. Entscheidend ist vielmehr, ob wir bei einer k\u00fcnftigen Krise bereit sein werden, kritisches Denken, Transparenz und individuelle Freiheitsrechte zu sch\u00fctzen.<\/p>\n\n\n\n<p class=\"wp-block-paragraph\">Denn Fragen sind nicht der Feind der Wissenschaft. Ihr Feind ist das Unterdr\u00fccken von Fragen. Und der Feind der Demokratie ist der Versuch, Menschen durch Angst zum Gehorsam zu zwingen.<\/p>\n\n\n\n<p class=\"wp-block-paragraph\"><strong>#Corona #Gesundheit #Journalismus #Meinungsfreiheit #Kolumne<\/strong><\/p>\n\n\n\n<figure class=\"wp-block-image size-large\"><img decoding=\"async\" width=\"819\" height=\"1024\" src=\"https:\/\/isvicreninsesi.ch\/de\/wp-content\/uploads\/2026\/09\/image-2-819x1024.png\" alt=\"\" class=\"wp-image-2061\" srcset=\"https:\/\/isvicreninsesi.ch\/de\/wp-content\/uploads\/2026\/09\/image-2-819x1024.png 819w, https:\/\/isvicreninsesi.ch\/de\/wp-content\/uploads\/2026\/09\/image-2-240x300.png 240w, https:\/\/isvicreninsesi.ch\/de\/wp-content\/uploads\/2026\/09\/image-2-767x959.png 767w, https:\/\/isvicreninsesi.ch\/de\/wp-content\/uploads\/2026\/09\/image-2.png 1122w\" sizes=\"(max-width: 819px) 100vw, 819px\" \/><\/figure>\n","protected":false},"excerpt":{"rendered":"<p>Als ich damals sagte, dass ich nicht geimpft sei, sahen mich manche an, als k\u00e4me ich von einem anderen Planeten. Heute h\u00f6re ich: \u00abGut, dass du es nicht gemacht hast.\u00bb Cemil BaysalInstagram: @cemil_baysal W\u00e4hrend der Corona-Pandemie ver\u00f6ffentlichte ich zahlreiche Beitr\u00e4ge, in denen ich auf m\u00f6gliche Nebenwirkungen der Impfstoffe aufmerksam machte. Mein Konto und weitere Social-Media-Profile [&hellip;]<\/p>\n","protected":false},"author":4,"featured_media":2058,"comment_status":"open","ping_status":"open","sticky":false,"template":"","format":"standard","meta":{"footnotes":""},"categories":[4,13],"tags":[],"class_list":["post-2056","post","type-post","status-publish","format-standard","has-post-thumbnail","hentry","category-gesundheit","category-kolumne"],"aioseo_notices":[],"_links":{"self":[{"href":"https:\/\/isvicreninsesi.ch\/de\/wp-json\/wp\/v2\/posts\/2056","targetHints":{"allow":["GET"]}}],"collection":[{"href":"https:\/\/isvicreninsesi.ch\/de\/wp-json\/wp\/v2\/posts"}],"about":[{"href":"https:\/\/isvicreninsesi.ch\/de\/wp-json\/wp\/v2\/types\/post"}],"author":[{"embeddable":true,"href":"https:\/\/isvicreninsesi.ch\/de\/wp-json\/wp\/v2\/users\/4"}],"replies":[{"embeddable":true,"href":"https:\/\/isvicreninsesi.ch\/de\/wp-json\/wp\/v2\/comments?post=2056"}],"version-history":[{"count":2,"href":"https:\/\/isvicreninsesi.ch\/de\/wp-json\/wp\/v2\/posts\/2056\/revisions"}],"predecessor-version":[{"id":2063,"href":"https:\/\/isvicreninsesi.ch\/de\/wp-json\/wp\/v2\/posts\/2056\/revisions\/2063"}],"wp:featuredmedia":[{"embeddable":true,"href":"https:\/\/isvicreninsesi.ch\/de\/wp-json\/wp\/v2\/media\/2058"}],"wp:attachment":[{"href":"https:\/\/isvicreninsesi.ch\/de\/wp-json\/wp\/v2\/media?parent=2056"}],"wp:term":[{"taxonomy":"category","embeddable":true,"href":"https:\/\/isvicreninsesi.ch\/de\/wp-json\/wp\/v2\/categories?post=2056"},{"taxonomy":"post_tag","embeddable":true,"href":"https:\/\/isvicreninsesi.ch\/de\/wp-json\/wp\/v2\/tags?post=2056"}],"curies":[{"name":"wp","href":"https:\/\/api.w.org\/{rel}","templated":true}]}}