{"id":2036,"date":"2025-12-03T19:07:26","date_gmt":"2025-12-03T16:07:26","guid":{"rendered":"https:\/\/isvicreninsesi.ch\/de\/?p=2036"},"modified":"2025-12-03T19:10:34","modified_gmt":"2025-12-03T16:10:34","slug":"neue-horizonte-im-licht-von-100-jahren-freundschaft-wirtschaftsforum-schweiz-tuerkei-in-zuerich","status":"publish","type":"post","link":"https:\/\/isvicreninsesi.ch\/de\/neue-horizonte-im-licht-von-100-jahren-freundschaft-wirtschaftsforum-schweiz-tuerkei-in-zuerich\/","title":{"rendered":"Neue Horizonte im Licht von 100 Jahren Freundschaft\u201c \u2013 Wirtschaftsforum Schweiz\u2013T\u00fcrkei in Z\u00fcrich"},"content":{"rendered":"\n<p><\/p>\n\n\n\n<p>Bericht von <strong>Cemil Baysal<\/strong><\/p>\n\n\n\n<p>Anl\u00e4sslich des 100. Jahrestags des Freundschaftsvertrags zwischen der Schweiz und der T\u00fcrkei fand am 2. Dezember 2025 in Z\u00fcrich das <strong>5. Swiss\u2013Turkish Business Forum<\/strong> statt. Die Veranstaltung, ausgerichtet von <strong>Switzerland Global Enterprise (S-GE)<\/strong> und organisiert vom <strong>Swiss Turkish Business Council (STBC)<\/strong>, widmete sich in einem umfassenden Programm der Vergangenheit, Gegenwart und Zukunft der bilateralen Beziehungen.<\/p>\n\n\n\n<p>Unter dem Leitmotiv <strong>\u201e100 Jahre Freundschaft \u2013 100 Years of Friendship\u201c<\/strong> bot das Forum einen tiefgehenden Einblick in die historischen Grundlagen, die aktuelle wirtschaftliche Zusammenarbeit sowie in neue strategische Perspektiven f\u00fcr beide L\u00e4nder.<\/p>\n\n\n\n<h2 class=\"wp-block-heading\"><strong>Hochrangige Teilnahme und vielseitiger Austausch<\/strong><\/h2>\n\n\n\n<p>Zu den G\u00e4sten z\u00e4hlten:<\/p>\n\n\n\n<ul class=\"wp-block-list\">\n<li><strong>\u015eebnem \u0130ncesu<\/strong>, Botschafterin der Republik T\u00fcrkei in Bern<\/li>\n\n\n\n<li><strong>Fazl\u0131 \u00c7orman<\/strong>, Generalkonsul der T\u00fcrkei in Z\u00fcrich \u2013 Botschafter<\/li>\n\n\n\n<li><strong>Osman Beyhan<\/strong> und <strong>Cumali Seme\u011fir<\/strong>, Handelsoberberater (Ticaret Ba\u015fm\u00fc\u015favirleri) der t\u00fcrkischen Botschaft sowie zahlreiche Vertreterinnen und Vertreter aus Wirtschaft, Politik und STBC-Mitgliedskreisen.<\/li>\n<\/ul>\n\n\n\n<p>F\u00fcr die kulinarische Begleitung sorgten <strong>Set AG<\/strong> als Getr\u00e4nkesponsor sowie <strong>Lekkeray<\/strong>, dessen gastronomische Beitr\u00e4ge grossen Anklang fanden.<\/p>\n\n\n\n<h2 class=\"wp-block-heading\"><strong>Thematische Schwerpunkte: Gestern \u2013 Heute \u2013 Morgen<\/strong><\/h2>\n\n\n\n<p>Die Vortr\u00e4ge des Abends gliederten sich in drei zentrale Bereiche:<\/p>\n\n\n\n<ul class=\"wp-block-list\">\n<li><strong>Gestern:<\/strong> Historische Hintergr\u00fcnde der bilateralen Beziehungen<\/li>\n\n\n\n<li><strong>Heute:<\/strong> Aktuelle geopolitische und wirtschaftliche Entwicklungen<\/li>\n\n\n\n<li><strong>Morgen:<\/strong> Perspektiven f\u00fcr eine vertiefte Partnerschaft<\/li>\n<\/ul>\n\n\n\n<h2 class=\"wp-block-heading\"><strong>STBC-Pr\u00e4sident Philippe Graber \u2013 Er\u00f6ffnung<\/strong><\/h2>\n\n\n\n<p>In seiner Begr\u00fcssung betonte Philippe Graber die langfristige Stabilit\u00e4t der schweizerisch-t\u00fcrkischen Beziehungen:<\/p>\n\n\n\n<p><em>\u201eAuf diesem \u00fcber hundertj\u00e4hrigen Fundament wollen wir nachhaltige und zukunftsf\u00e4hige Wirtschaftsmodelle weiterentwickeln.\u201c<\/em><\/p>\n\n\n\n<h2 class=\"wp-block-heading\"><strong>Botschafterin \u015eebnem \u0130ncesu \u2013 Strategische Partnerschaft in einer Welt im Wandel<\/strong><\/h2>\n\n\n\n<p>Botschafterin \u0130ncesu hob die zunehmende Dynamik der geopolitischen Lage hervor und unterstrich die Bedeutung wirtschaftlicher Diversifizierung:<\/p>\n\n\n\n<ul class=\"wp-block-list\">\n<li>Die globale Ordnung befinde sich im Wandel.<\/li>\n\n\n\n<li>Geopolitische Risiken n\u00e4hmen zu.<\/li>\n\n\n\n<li>Strategische Partnerschaften seien wichtiger denn je.<\/li>\n<\/ul>\n\n\n\n<p>Sie verwies darauf, dass die T\u00fcrkei insbesondere im Kontext von Gaza, der Ukraine und Syrien eine wachsende strategische Rolle spiele.<\/p>\n\n\n\n<p>Der bilaterale Handel zwischen der Schweiz und der T\u00fcrkei erreichte <strong>2024 ein Volumen von 12 Milliarden USD<\/strong> und kehrte in den ersten neun Monaten 2025 erneut auf dieses Niveau zur\u00fcck.<\/p>\n\n\n\n<p>Das mittelfristige Ziel liege bei <strong>20 Milliarden USD<\/strong>.<\/p>\n\n\n\n<h2 class=\"wp-block-heading\"><strong>Dr. Max Schweizer \u2013 \u201e100 Jahre Freundschaft\u201c: Ein historischer R\u00fcckblick<\/strong><\/h2>\n\n\n\n<p>Historiker <strong>Dr. Max Schweizer<\/strong> pr\u00e4sentierte einen pr\u00e4gnanten \u00dcberblick \u00fcber die Entwicklung der bilateralen Beziehungen \u2013 von den <strong>Lausanner Verhandlungen (1922\/23)<\/strong> \u00fcber die fr\u00fchen Jahre der Republik bis hin zur geopolitischen Neuausrichtung im 20. Jahrhundert.<\/p>\n\n\n\n<p>Er zeigte anhand von sieben zeitgeschichtlichen Momenten:<\/p>\n\n\n\n<ul class=\"wp-block-list\">\n<li>die Rolle der Schweiz in Lausanne,<\/li>\n\n\n\n<li>die Phase der Modernisierung nach 1923,<\/li>\n\n\n\n<li>die Auswirkungen des Zweiten Weltkriegs,<\/li>\n\n\n\n<li>den Weg der T\u00fcrkei in die NATO,<\/li>\n\n\n\n<li>wirtschaftliche Transformationen der 1950er Jahre.<\/li>\n<\/ul>\n\n\n\n<h2 class=\"wp-block-heading\">\u00c7al\u0131k Enerji Swiss AG \u2013 Energiepartnerschaften als Zukunftsfeld<\/h2>\n\n\n\n<p>Redner: Naci Can<\/p>\n\n\n\n<p>F\u00fcr <strong>\u00c7al\u0131k Enerji Swiss AG<\/strong> stellte <strong>Naci Can<\/strong> zentrale Energieprojekte des Unternehmens vor und skizzierte deren Bedeutung f\u00fcr die bilaterale Zusammenarbeit.<\/p>\n\n\n\n<p>Zu den Schwerpunkten z\u00e4hlten:<\/p>\n\n\n\n<ul class=\"wp-block-list\">\n<li>\u00fcber <strong>10 GW<\/strong> Energieprojekte in EMEA und Zentralasien<\/li>\n\n\n\n<li>Wasserstofff\u00e4hige (H\u2082-ready) Gaskraftwerke in Polen und Ungarn<\/li>\n\n\n\n<li>erneuerbare Energieinvestitionen in Angola, Kosovo und Albanien<\/li>\n\n\n\n<li>die Einbindung Schweizer Zulieferer in internationale EPC-Prozesse<\/li>\n\n\n\n<li>der Ausbau der Pr\u00e4senz in Luzern<\/li>\n<\/ul>\n\n\n\n<p>Naci Can betonte:<br><em>\u201eNachhaltige Energie, Emissionsreduktion und innovative Infrastruktur werden das R\u00fcckgrat unserer zuk\u00fcnftigen Zusammenarbeit bilden.\u201c<\/em><\/p>\n\n\n\n<p>Turkisch \/ T\u00fcrkce <a href=\"https:\/\/isvicreninsesi.ch\/100-yillik-dostlugun-isiginda-yeni-ufuklar-zurihte-turkiye-isvicre-isbirligi-forumu-gerceklesti\/\" title=\"Link\">Link<\/a>: <\/p>\n\n\n\n<figure class=\"wp-block-embed is-type-wp-embed is-provider-i-svi-re-039-nin-sesi-41-haber-online-gazete wp-block-embed-i-svi-re-039-nin-sesi-41-haber-online-gazete\"><div class=\"wp-block-embed__wrapper\">\nhttps:\/\/isvicreninsesi.ch\/100-yillik-dostlugun-isiginda-yeni-ufuklar-zurihte-turkiye-isvicre-isbirligi-forumu-gerceklesti\/\n<\/div><\/figure>\n","protected":false},"excerpt":{"rendered":"<p>Bericht von Cemil Baysal Anl\u00e4sslich des 100. Jahrestags des Freundschaftsvertrags zwischen der Schweiz und der T\u00fcrkei fand am 2. Dezember 2025 in Z\u00fcrich das 5. Swiss\u2013Turkish Business Forum statt. Die Veranstaltung, ausgerichtet von Switzerland Global Enterprise (S-GE) und organisiert vom Swiss Turkish Business Council (STBC), widmete sich in einem umfassenden Programm der Vergangenheit, Gegenwart und [&hellip;]<\/p>\n","protected":false},"author":1,"featured_media":2037,"comment_status":"open","ping_status":"open","sticky":false,"template":"","format":"standard","meta":{"footnotes":""},"categories":[2],"tags":[],"class_list":["post-2036","post","type-post","status-publish","format-standard","has-post-thumbnail","hentry","category-schweiz"],"aioseo_notices":[],"_links":{"self":[{"href":"https:\/\/isvicreninsesi.ch\/de\/wp-json\/wp\/v2\/posts\/2036","targetHints":{"allow":["GET"]}}],"collection":[{"href":"https:\/\/isvicreninsesi.ch\/de\/wp-json\/wp\/v2\/posts"}],"about":[{"href":"https:\/\/isvicreninsesi.ch\/de\/wp-json\/wp\/v2\/types\/post"}],"author":[{"embeddable":true,"href":"https:\/\/isvicreninsesi.ch\/de\/wp-json\/wp\/v2\/users\/1"}],"replies":[{"embeddable":true,"href":"https:\/\/isvicreninsesi.ch\/de\/wp-json\/wp\/v2\/comments?post=2036"}],"version-history":[{"count":2,"href":"https:\/\/isvicreninsesi.ch\/de\/wp-json\/wp\/v2\/posts\/2036\/revisions"}],"predecessor-version":[{"id":2040,"href":"https:\/\/isvicreninsesi.ch\/de\/wp-json\/wp\/v2\/posts\/2036\/revisions\/2040"}],"wp:featuredmedia":[{"embeddable":true,"href":"https:\/\/isvicreninsesi.ch\/de\/wp-json\/wp\/v2\/media\/2037"}],"wp:attachment":[{"href":"https:\/\/isvicreninsesi.ch\/de\/wp-json\/wp\/v2\/media?parent=2036"}],"wp:term":[{"taxonomy":"category","embeddable":true,"href":"https:\/\/isvicreninsesi.ch\/de\/wp-json\/wp\/v2\/categories?post=2036"},{"taxonomy":"post_tag","embeddable":true,"href":"https:\/\/isvicreninsesi.ch\/de\/wp-json\/wp\/v2\/tags?post=2036"}],"curies":[{"name":"wp","href":"https:\/\/api.w.org\/{rel}","templated":true}]}}