{"id":1846,"date":"2024-04-17T23:11:53","date_gmt":"2024-04-17T20:11:53","guid":{"rendered":"https:\/\/isvicreninsesi.ch\/de\/?p=1846"},"modified":"2024-04-19T21:07:51","modified_gmt":"2024-04-19T18:07:51","slug":"gv-2024-die-wahl-des-neuen-praesidenten","status":"publish","type":"post","link":"https:\/\/isvicreninsesi.ch\/de\/gv-2024-die-wahl-des-neuen-praesidenten\/","title":{"rendered":"GV 2024 : Die Wahl des neuen Pr\u00e4sidenten"},"content":{"rendered":"\n<p>GV 2024: Die Wahl des neuen Pr\u00e4sidenten \u2013 Aufbruch in eine dynamische Zukunft f\u00fcr t\u00fcrkische und schweizerische Unternehmen<\/p>\n\n\n\n<p><strong>Bei seiner regul\u00e4ren Generalversammlung am 16. April 2024 w\u00e4hlte der Schweizerisch-T\u00fcrkische Wirtschaftsrat (STBC) einen neuen Pr\u00e4sidenten f\u00fcr die Amtszeit von 2024 bis 2026.<\/strong><\/p>\n\n\n\n<p>Philippe Graber, Vice-President, wurde als Nachfolger von Pia Stebler gew\u00e4hlt, die beschlossen hatte, sich Ende 2023 zur\u00fcckzutreten, um sich eigenen Projekten zu widmen. Der gesamte Vorstand dankte Pia Stebler f\u00fcr ihre bisherige Arbeit f\u00fcr die STBC. Die bisherigen Vorstands- und Vizepr\u00e4sidenten werden die n\u00e4chsten zwei Jahre gemeinsam mit dem neuen Pr\u00e4sidenten t\u00e4tig sein. Um die wirtschaftlichen Beziehungen zwischen der Schweiz und der T\u00fcrkei zu st\u00e4rken, plant der STBC verschiedene Aktivit\u00e4ten. Der Vorstand wird in den kommenden Monaten weitere Veranstaltungen planen und die Daten kommunizieren.<\/p>\n\n\n\n<p>Unter den Vorstandsmitgliedern wurde Cemil Baysal, der bisher f\u00fcr die Kommunikation zust\u00e4ndig war, neu bis Ende 2024 auch als Generalsekret\u00e4r benannt. Er wird Ansprechpartner f\u00fcr die Kommunikation und Korrespondenz mit den Mitgliedern sein.<\/p>\n\n\n\n<p>Der STBC, der zuvor mit zwei Vizepr\u00e4sidenten vertreten war, wird nun einen Vizepr\u00e4sidenten und vier Vorstandsmitglieder haben. Der gesamte Vorstand setzt sich aus folgenden Personen zusammen:<\/p>\n\n\n\n<p><strong><strong>Pr\u00e4sident <\/strong>Philippe Graber, der bei der Bank Mirabaud &amp; Cie AG, Wealth Management<strong> ist<\/strong><\/strong><\/p>\n\n\n\n<p><strong>\u00dcmit \u00d6zeflatun, Unternehmer in der Schweiz und der T\u00fcrkei<\/strong><\/p>\n\n\n\n<p><strong>Cemil Baysal aus Luzern, Unternehmer, Journalist und Verleger<\/strong><\/p>\n\n\n\n<p><strong>Orhan Arikci, Unternehmer aus Reinach BL<\/strong><\/p>\n\n\n\n<p><strong>Romeo Maggi, Unternehmer aus Hergiswil NW<\/strong><\/p>\n\n\n\n<p><strong>Mehmet Yildirimli, der unter anderem f\u00fcr den t\u00fcrkischen Markt bei Switzerland Global Enterprise verantwortlich ist.<\/strong><\/p>\n\n\n\n<p>Der STBC strebt nicht nur nach einer gest\u00e4rkten F\u00fchrungsebene, sondern auch nach einer verbesserten Zug\u00e4nglichkeit f\u00fcr t\u00fcrkische und Schweizer Unternehmen. Dadurch sollen die wirtschaftlichen Beziehungen zwischen der Schweiz und der T\u00fcrkei auf ein neues, h\u00f6heres Niveau gehoben werden.<\/p>\n\n\n\n<ul class=\"wp-block-list\">\n<li><\/li>\n<\/ul>\n\n\n\n<figure class=\"wp-block-image size-large\"><img decoding=\"async\" width=\"1024\" height=\"683\" src=\"https:\/\/isvicreninsesi.ch\/de\/wp-content\/uploads\/2024\/04\/CEM_5202-min-1024x683.jpg\" alt=\"\" class=\"wp-image-1849\" srcset=\"https:\/\/isvicreninsesi.ch\/de\/wp-content\/uploads\/2024\/04\/CEM_5202-min-1024x683.jpg 1024w, https:\/\/isvicreninsesi.ch\/de\/wp-content\/uploads\/2024\/04\/CEM_5202-min-300x200.jpg 300w, https:\/\/isvicreninsesi.ch\/de\/wp-content\/uploads\/2024\/04\/CEM_5202-min-768x512.jpg 768w, https:\/\/isvicreninsesi.ch\/de\/wp-content\/uploads\/2024\/04\/CEM_5202-min-1536x1024.jpg 1536w, https:\/\/isvicreninsesi.ch\/de\/wp-content\/uploads\/2024\/04\/CEM_5202-min-2048x1365.jpg 2048w\" sizes=\"(max-width: 1024px) 100vw, 1024px\" \/><\/figure>\n\n\n\n<figure class=\"wp-block-image size-large\"><img decoding=\"async\" width=\"1024\" height=\"1024\" src=\"https:\/\/isvicreninsesi.ch\/de\/wp-content\/uploads\/2024\/04\/1-1024x1024.png\" alt=\"\" class=\"wp-image-1848\" srcset=\"https:\/\/isvicreninsesi.ch\/de\/wp-content\/uploads\/2024\/04\/1-1024x1024.png 1024w, https:\/\/isvicreninsesi.ch\/de\/wp-content\/uploads\/2024\/04\/1-300x300.png 300w, https:\/\/isvicreninsesi.ch\/de\/wp-content\/uploads\/2024\/04\/1-150x150.png 150w, https:\/\/isvicreninsesi.ch\/de\/wp-content\/uploads\/2024\/04\/1-768x768.png 768w, https:\/\/isvicreninsesi.ch\/de\/wp-content\/uploads\/2024\/04\/1-1536x1536.png 1536w, https:\/\/isvicreninsesi.ch\/de\/wp-content\/uploads\/2024\/04\/1-2048x2048.png 2048w, https:\/\/isvicreninsesi.ch\/de\/wp-content\/uploads\/2024\/04\/1-80x80.png 80w\" sizes=\"(max-width: 1024px) 100vw, 1024px\" \/><\/figure>\n\n\n\n<p><\/p>\n\n\n\n<figure class=\"wp-block-image size-large\"><img decoding=\"async\" width=\"1024\" height=\"515\" src=\"https:\/\/isvicreninsesi.ch\/de\/wp-content\/uploads\/2024\/04\/image00014-1024x515.jpeg\" alt=\"\" class=\"wp-image-1847\" srcset=\"https:\/\/isvicreninsesi.ch\/de\/wp-content\/uploads\/2024\/04\/image00014-1024x515.jpeg 1024w, https:\/\/isvicreninsesi.ch\/de\/wp-content\/uploads\/2024\/04\/image00014-300x151.jpeg 300w, https:\/\/isvicreninsesi.ch\/de\/wp-content\/uploads\/2024\/04\/image00014-768x386.jpeg 768w, https:\/\/isvicreninsesi.ch\/de\/wp-content\/uploads\/2024\/04\/image00014-1536x773.jpeg 1536w, https:\/\/isvicreninsesi.ch\/de\/wp-content\/uploads\/2024\/04\/image00014-2048x1030.jpeg 2048w\" sizes=\"(max-width: 1024px) 100vw, 1024px\" \/><\/figure>\n","protected":false},"excerpt":{"rendered":"<p>GV 2024: Die Wahl des neuen Pr\u00e4sidenten \u2013 Aufbruch in eine dynamische Zukunft f\u00fcr t\u00fcrkische und schweizerische Unternehmen Bei seiner regul\u00e4ren Generalversammlung am 16. April 2024 w\u00e4hlte der Schweizerisch-T\u00fcrkische Wirtschaftsrat (STBC) einen neuen Pr\u00e4sidenten f\u00fcr die Amtszeit von 2024 bis 2026. Philippe Graber, Vice-President, wurde als Nachfolger von Pia Stebler gew\u00e4hlt, die beschlossen hatte, sich [&hellip;]<\/p>\n","protected":false},"author":1,"featured_media":1850,"comment_status":"open","ping_status":"open","sticky":false,"template":"","format":"standard","meta":{"footnotes":""},"categories":[2],"tags":[],"class_list":["post-1846","post","type-post","status-publish","format-standard","has-post-thumbnail","hentry","category-schweiz"],"aioseo_notices":[],"_links":{"self":[{"href":"https:\/\/isvicreninsesi.ch\/de\/wp-json\/wp\/v2\/posts\/1846","targetHints":{"allow":["GET"]}}],"collection":[{"href":"https:\/\/isvicreninsesi.ch\/de\/wp-json\/wp\/v2\/posts"}],"about":[{"href":"https:\/\/isvicreninsesi.ch\/de\/wp-json\/wp\/v2\/types\/post"}],"author":[{"embeddable":true,"href":"https:\/\/isvicreninsesi.ch\/de\/wp-json\/wp\/v2\/users\/1"}],"replies":[{"embeddable":true,"href":"https:\/\/isvicreninsesi.ch\/de\/wp-json\/wp\/v2\/comments?post=1846"}],"version-history":[{"count":4,"href":"https:\/\/isvicreninsesi.ch\/de\/wp-json\/wp\/v2\/posts\/1846\/revisions"}],"predecessor-version":[{"id":1885,"href":"https:\/\/isvicreninsesi.ch\/de\/wp-json\/wp\/v2\/posts\/1846\/revisions\/1885"}],"wp:featuredmedia":[{"embeddable":true,"href":"https:\/\/isvicreninsesi.ch\/de\/wp-json\/wp\/v2\/media\/1850"}],"wp:attachment":[{"href":"https:\/\/isvicreninsesi.ch\/de\/wp-json\/wp\/v2\/media?parent=1846"}],"wp:term":[{"taxonomy":"category","embeddable":true,"href":"https:\/\/isvicreninsesi.ch\/de\/wp-json\/wp\/v2\/categories?post=1846"},{"taxonomy":"post_tag","embeddable":true,"href":"https:\/\/isvicreninsesi.ch\/de\/wp-json\/wp\/v2\/tags?post=1846"}],"curies":[{"name":"wp","href":"https:\/\/api.w.org\/{rel}","templated":true}]}}