{"id":1674,"date":"2024-03-14T21:27:44","date_gmt":"2024-03-14T18:27:44","guid":{"rendered":"https:\/\/isvicreninsesi.ch\/de\/?p=1674"},"modified":"2024-03-14T21:27:45","modified_gmt":"2024-03-14T18:27:45","slug":"sp-schweiz-fuehrt-diskussion-ueber-armut-im-schweizer-parlament-an","status":"publish","type":"post","link":"https:\/\/isvicreninsesi.ch\/de\/sp-schweiz-fuehrt-diskussion-ueber-armut-im-schweizer-parlament-an\/","title":{"rendered":"SP Schweiz f\u00fchrt Diskussion \u00fcber Armut im Schweizer Parlament an"},"content":{"rendered":"\n<p>Heute fand auf Initiative der Sozialdemokratischen Partei SP Schweiz eine au\u00dferordentliche Sitzung im Schweizer Parlament zum Thema Armut statt. Die Diskussion wurde vor dem Hintergrund gef\u00fchrt, dass fast die H\u00e4lfte der Familien des Landes mit finanziellen Herausforderungen zu k\u00e4mpfen hat, was dazu f\u00fchrt, dass nahezu 750.000 Menschen in der Schweiz an der Armutsgrenze leben. Die SP Schweiz begr\u00fc\u00dft die eindeutige Unterst\u00fctzung des Nationalrates f\u00fcr einen Antrag, der die Fortsetzung des Programms zur Armutsbek\u00e4mpfung und die Entwicklung einer nationalen Strategie zur Bek\u00e4mpfung der Armut vorsieht.<\/p>\n\n\n\n<figure class=\"wp-block-image size-large is-resized\"><img decoding=\"async\" src=\"https:\/\/isvicreninsesi.ch\/de\/wp-content\/uploads\/2024\/03\/estellerevaz-1024x1024.jpg\" alt=\"\" class=\"wp-image-1676\" style=\"width:398px;height:auto\"\/><\/figure>\n\n\n\n<p>Die SP Nationalr\u00e4tin Estelle Revaz<\/p>\n\n\n\n<p>Die SP Nationalr\u00e4tin Estelle Revaz kommentierte die aktuelle Lage und betonte, dass die Zahl der von Armut betroffenen Menschen zwischen 2014 und 2021 kontinuierlich gestiegen sei. Nach Angaben des Bundesamtes f\u00fcr Statistik waren im Jahr 2021 rund 745.000 Menschen von Armut betroffen. Die neuesten Daten des Schweizer Familienindex 2024, die in dieser Woche ver\u00f6ffentlicht wurden, verdeutlichen, dass die Kaufkraft der Menschen weiterhin unter Druck steht. Angesichts dieser Entwicklungen seien konkrete, effektive und rasche Ma\u00dfnahmen zur Bek\u00e4mpfung von Armut unerl\u00e4sslich, so Revaz. Sie zeigte sich erfreut dar\u00fcber, dass der Nationalrat den entsprechenden Antrag eindeutig unterst\u00fctzt hat.<\/p>\n\n\n\n<p>Der Vorschlag der SP sieht vor, das Programm zur Armutsbek\u00e4mpfung bis mindestens 2030 fortzusetzen und eine nationale Strategie zur Armutsbek\u00e4mpfung zu entwickeln. Ein \u00e4hnlicher Antrag wurde vorerst vom Parlament zur weiteren \u00dcberpr\u00fcfung an den zust\u00e4ndigen Ausschuss zur\u00fcckverwiesen.<\/p>\n\n\n\n<p>In der Diskussion wurde auch auf die Armutsgrenze eingegangen, die ein entscheidendes Kriterium im Kampf gegen Armut in der Schweiz darstellt. Diese Grenze wird aus den Richtlinien der Schweizerischen Konferenz f\u00fcr Sozialhilfe (SKOS) abgeleitet und belief sich im Jahr 2021 auf durchschnittlich 2289 Schweizer Franken pro Monat f\u00fcr eine Einzelperson und 3989 Schweizer Franken f\u00fcr zwei Erwachsene mit zwei Kindern. Die Zahlen und Fakten zur Armut in der Schweiz zeigen, dass 722.000 Menschen in der Schweiz von Armut betroffen sind, w\u00e4hrend weitere 585.000 Menschen knapp \u00fcber der Armutsgrenze leben und als armutsgef\u00e4hrdet gelten.<\/p>\n\n\n\n<p>Die Diskussion \u00fcber Armut und die daraus resultierenden Ma\u00dfnahmen werden in den kommenden Monaten voraussichtlich weitergef\u00fchrt, da die Politik bestrebt ist, die wachsende Armut in der Schweiz anzugehen und die Lebensbedingungen f\u00fcr alle B\u00fcrgerinnen und B\u00fcrger zu verbessern.<\/p>\n","protected":false},"excerpt":{"rendered":"<p>Heute fand auf Initiative der Sozialdemokratischen Partei SP Schweiz eine au\u00dferordentliche Sitzung im Schweizer Parlament zum Thema Armut statt. Die Diskussion wurde vor dem Hintergrund gef\u00fchrt, dass fast die H\u00e4lfte der Familien des Landes mit finanziellen Herausforderungen zu k\u00e4mpfen hat, was dazu f\u00fchrt, dass nahezu 750.000 Menschen in der Schweiz an der Armutsgrenze leben. Die [&hellip;]<\/p>\n","protected":false},"author":1,"featured_media":0,"comment_status":"open","ping_status":"open","sticky":false,"template":"","format":"standard","meta":{"footnotes":""},"categories":[5,2],"tags":[],"class_list":["post-1674","post","type-post","status-publish","format-standard","hentry","category-politik","category-schweiz"],"aioseo_notices":[],"_links":{"self":[{"href":"https:\/\/isvicreninsesi.ch\/de\/wp-json\/wp\/v2\/posts\/1674","targetHints":{"allow":["GET"]}}],"collection":[{"href":"https:\/\/isvicreninsesi.ch\/de\/wp-json\/wp\/v2\/posts"}],"about":[{"href":"https:\/\/isvicreninsesi.ch\/de\/wp-json\/wp\/v2\/types\/post"}],"author":[{"embeddable":true,"href":"https:\/\/isvicreninsesi.ch\/de\/wp-json\/wp\/v2\/users\/1"}],"replies":[{"embeddable":true,"href":"https:\/\/isvicreninsesi.ch\/de\/wp-json\/wp\/v2\/comments?post=1674"}],"version-history":[{"count":1,"href":"https:\/\/isvicreninsesi.ch\/de\/wp-json\/wp\/v2\/posts\/1674\/revisions"}],"predecessor-version":[{"id":1677,"href":"https:\/\/isvicreninsesi.ch\/de\/wp-json\/wp\/v2\/posts\/1674\/revisions\/1677"}],"wp:attachment":[{"href":"https:\/\/isvicreninsesi.ch\/de\/wp-json\/wp\/v2\/media?parent=1674"}],"wp:term":[{"taxonomy":"category","embeddable":true,"href":"https:\/\/isvicreninsesi.ch\/de\/wp-json\/wp\/v2\/categories?post=1674"},{"taxonomy":"post_tag","embeddable":true,"href":"https:\/\/isvicreninsesi.ch\/de\/wp-json\/wp\/v2\/tags?post=1674"}],"curies":[{"name":"wp","href":"https:\/\/api.w.org\/{rel}","templated":true}]}}