{"id":1672,"date":"2024-03-14T15:56:37","date_gmt":"2024-03-14T12:56:37","guid":{"rendered":"https:\/\/isvicreninsesi.ch\/de\/?p=1672"},"modified":"2024-03-14T15:56:38","modified_gmt":"2024-03-14T12:56:38","slug":"parlament-beharrt-auf-ablehnung-von-sicherheitsorientierten-vorschlaegen-der-svp","status":"publish","type":"post","link":"https:\/\/isvicreninsesi.ch\/de\/parlament-beharrt-auf-ablehnung-von-sicherheitsorientierten-vorschlaegen-der-svp\/","title":{"rendered":"Parlament Beharrt auf Ablehnung von Sicherheitsorientierten Vorschl\u00e4gen der SVP"},"content":{"rendered":"\n<p>Cemil Baysal <\/p>\n\n\n\n<p>Das Schweizerische Nationalrat lehnte am Donnerstag eindeutig die Vorschl\u00e4ge der SVP (Schweizerische Volkspartei) Fraktion ab, die auf systematische Personenkontrollen an den Grenzen und allgemeine Ablehnung des Asylrechts f\u00fcr Staatsangeh\u00f6rige aus den L\u00e4ndern der Europ\u00e4ischen Union abzielten. Diese Entscheidung hat die Diskussionen \u00fcber Einwanderungs- und Sicherheitspolitik im Parlament weiter intensiviert.<\/p>\n\n\n\n<p>Die Vorschl\u00e4ge der SVP-Mitglieder Thomas Aeschi und Alfred Heer zielten darauf ab, die Sicherheit der Schweiz zu st\u00e4rken, indem sie die Kontrolle an den Grenzen versch\u00e4rften und das Asylrecht f\u00fcr Staatsangeh\u00f6rige der Mitgliedstaaten des Europarats einschr\u00e4nkten. Beide Vorschl\u00e4ge wurden jedoch mit 112 zu 69 und 120 zu 65 Stimmen abgelehnt, was deutlich macht, dass diese Forderungen als ung\u00fcltig erachtet wurden.<\/p>\n\n\n\n<p><strong>Harte Reaktion der SVP-Fraktion<\/strong><\/p>\n\n\n\n<p>Die SVP-Fraktion zeigte eine starke Reaktion auf die Ablehnung der Vorschl\u00e4ge, indem sie insbesondere w\u00e4hrend einer speziellen Sitzung unter dem Titel &#8222;Schutz der Schweizer Landesgrenzen&#8220; ihre Anliegen vorbrachte und ihre Bedenken hinsichtlich der Sicherheit der Schweiz \u00e4u\u00dferte. Die Ablehnung dieser Vorschl\u00e4ge durch den Nationalrat entt\u00e4uschte die Mitglieder der SVP und veranlasste sie, die Einwanderungs- und Sicherheitspolitik der Regierung zu kritisieren.<\/p>\n\n\n\n<p>Die Parteisprecher betonten, dass das Fehlen systematischer Kontrollen an den Grenzen die Sicherheit des Landes gef\u00e4hrde und die zunehmende Zahl von Asylantr\u00e4gen aus den Mitgliedstaaten des Europarats ein Problem sei, das die Ressourcen der Schweiz aufzehre. Dar\u00fcber hinaus forderte die SVP eine kritische \u00dcberpr\u00fcfung der Einwanderungsrichtlinien und pl\u00e4dierte f\u00fcr strengere Ma\u00dfnahmen.<\/p>\n\n\n\n<p><strong>Thomas Aeschis Entt\u00e4uschung \u00fcber die abgelehnten Vorschl\u00e4ge<\/strong><\/p>\n\n\n\n<p>Thomas Aeschi, Mitglied der SVP, \u00e4u\u00dferte gro\u00dfe Entt\u00e4uschung dar\u00fcber, dass der Nationalrat die Vorschl\u00e4ge zur systematischen Personenkontrolle an den Grenzen und zur allgemeinen Ablehnung des Asylrechts f\u00fcr Staatsangeh\u00f6rige aus den Mitgliedstaaten des Europarats abgelehnt hat. Er betonte, dass diese Entscheidung eine wichtige Gelegenheit f\u00fcr die Sicherheit und den Schutz der Grenzen der Schweiz verpasst habe und dr\u00e4ngte auf strengere Ma\u00dfnahmen zur Bek\u00e4mpfung der illegalen Einwanderung.<\/p>\n\n\n\n<p>Aeschi bezeichnete die Situation als dramatisch und wies darauf hin, dass die Zahl der illegalen Grenz\u00fcbertritte zunehme und die Schweiz die Kontrolle dar\u00fcber verloren habe. Er betonte, dass die Ablehnung der Vorschl\u00e4ge bedeutet, dass die notwendigen Schritte zur Bew\u00e4ltigung der Sicherheitsprobleme an den Grenzen nicht unternommen werden. Dar\u00fcber hinaus kritisierte er die Entscheidung, das Asylrecht f\u00fcr Staatsangeh\u00f6rige aus den Mitgliedstaaten des Europarats nicht einzuschr\u00e4nken, und betonte, dass dies ein weiteres Problem darstelle, das die Ressourcen der Schweiz \u00fcberfordere.<\/p>\n\n\n\n<p><strong>\u00c4u\u00dferungen von Justizminister Beat Jans<\/strong><\/p>\n\n\n\n<p>Justizminister Beat Jans unterst\u00fctzte die Ablehnung des Vorschlags zur systematischen Personenkontrolle an den Grenzen und betonte, dass derzeit keine systematischen Kontrollen an den Grenzen erforderlich seien. Er stellte fest, dass interne Grenzkontrollen nicht effektiv seien, um irregul\u00e4re Einwanderung zu verhindern. Jans kritisierte auch den Vorschlag, das Asylrecht f\u00fcr Staatsangeh\u00f6rige aus den Mitgliedstaaten des Europarats einzuschr\u00e4nken, und betonte die Notwendigkeit einer individuellen Pr\u00fcfung jedes Asylantrags.<\/p>\n\n\n\n<p>Die \u00c4u\u00dferungen von Jans spiegeln die offizielle Position des Bundesrates wider und unterstreichen die Entscheidung des Nationalrates, die Vorschl\u00e4ge der SVP abzulehnen.<\/p>\n","protected":false},"excerpt":{"rendered":"<p>Cemil Baysal Das Schweizerische Nationalrat lehnte am Donnerstag eindeutig die Vorschl\u00e4ge der SVP (Schweizerische Volkspartei) Fraktion ab, die auf systematische Personenkontrollen an den Grenzen und allgemeine Ablehnung des Asylrechts f\u00fcr Staatsangeh\u00f6rige aus den L\u00e4ndern der Europ\u00e4ischen Union abzielten. Diese Entscheidung hat die Diskussionen \u00fcber Einwanderungs- und Sicherheitspolitik im Parlament weiter intensiviert. Die Vorschl\u00e4ge der SVP-Mitglieder [&hellip;]<\/p>\n","protected":false},"author":1,"featured_media":0,"comment_status":"open","ping_status":"open","sticky":false,"template":"","format":"standard","meta":{"footnotes":""},"categories":[2],"tags":[],"class_list":["post-1672","post","type-post","status-publish","format-standard","hentry","category-schweiz"],"aioseo_notices":[],"_links":{"self":[{"href":"https:\/\/isvicreninsesi.ch\/de\/wp-json\/wp\/v2\/posts\/1672","targetHints":{"allow":["GET"]}}],"collection":[{"href":"https:\/\/isvicreninsesi.ch\/de\/wp-json\/wp\/v2\/posts"}],"about":[{"href":"https:\/\/isvicreninsesi.ch\/de\/wp-json\/wp\/v2\/types\/post"}],"author":[{"embeddable":true,"href":"https:\/\/isvicreninsesi.ch\/de\/wp-json\/wp\/v2\/users\/1"}],"replies":[{"embeddable":true,"href":"https:\/\/isvicreninsesi.ch\/de\/wp-json\/wp\/v2\/comments?post=1672"}],"version-history":[{"count":1,"href":"https:\/\/isvicreninsesi.ch\/de\/wp-json\/wp\/v2\/posts\/1672\/revisions"}],"predecessor-version":[{"id":1673,"href":"https:\/\/isvicreninsesi.ch\/de\/wp-json\/wp\/v2\/posts\/1672\/revisions\/1673"}],"wp:attachment":[{"href":"https:\/\/isvicreninsesi.ch\/de\/wp-json\/wp\/v2\/media?parent=1672"}],"wp:term":[{"taxonomy":"category","embeddable":true,"href":"https:\/\/isvicreninsesi.ch\/de\/wp-json\/wp\/v2\/categories?post=1672"},{"taxonomy":"post_tag","embeddable":true,"href":"https:\/\/isvicreninsesi.ch\/de\/wp-json\/wp\/v2\/tags?post=1672"}],"curies":[{"name":"wp","href":"https:\/\/api.w.org\/{rel}","templated":true}]}}