{"id":1669,"date":"2024-03-14T13:40:27","date_gmt":"2024-03-14T10:40:27","guid":{"rendered":"https:\/\/isvicreninsesi.ch\/de\/?p=1669"},"modified":"2024-03-14T21:28:16","modified_gmt":"2024-03-14T18:28:16","slug":"meistgesuchte-autos-das-sind-die-beliebtesten-automarken-der-schweizer","status":"publish","type":"post","link":"https:\/\/isvicreninsesi.ch\/de\/meistgesuchte-autos-das-sind-die-beliebtesten-automarken-der-schweizer\/","title":{"rendered":"MEISTGESUCHTE AUTOS: Das sind die beliebtesten Automarken der Schweizer"},"content":{"rendered":"\n<p>Die Vorliebe der Schweizer f\u00fcr deutsche Automarken ist ungebrochen, wie die Auswertung der meistgesuchten Neuwagen und Occasionen zeigt. Die Top 10 dieser Automarken spiegeln deutlich wider, welche Fahrzeuge auf dem Markt am meisten Interesse wecken.<\/p>\n\n\n\n<p>Deutsche Automarken dominieren die Liste, angef\u00fchrt von Mercedes-Benz mit einem Anteil von 13,9 Prozent. Auf den Pl\u00e4tzen folgen BMW mit 12,4 Prozent und Volkswagen (VW) mit 10,6 Prozent. Auch Audi und Porsche sind unter den begehrtesten Marken zu finden.<\/p>\n\n\n\n<p>Eine bemerkenswerte Entwicklung ist der Aufstieg von Tesla, der um acht Pl\u00e4tze im Vergleich zum Vorjahr auf Rang 16 springt. Dies deutet auf das wachsende Interesse an Elektrofahrzeugen hin, obwohl Tesla aufgrund der begrenzten Anzahl an Gebrauchtwagen noch nicht weiter vorne platziert ist.<\/p>\n\n\n\n<p>Ein R\u00fcckgang in der Beliebtheit zeigt sich bei Renault, das aus den Top 10 herausf\u00e4llt. Die Marke verzeichnete auch bei den Neuzulassungen einen R\u00fcckgang, was auf einen allgemeinen Trend hinweist.<\/p>\n\n\n\n<p>Regionale Unterschiede sind ebenfalls erkennbar, insbesondere in den Pr\u00e4ferenzen der einzelnen Kantone. Graub\u00fcnden bevorzugt beispielsweise VW und Audi aufgrund ihrer Gel\u00e4ndekompetenz, w\u00e4hrend in der S\u00fcdschweiz Marken wie Fiat und Mini unter den meistgesuchten Autos zu finden sind.<\/p>\n\n\n\n<p>In der Romandie zeigt sich eine Vorliebe f\u00fcr Peugeot, w\u00e4hrend Mini und Honda in Genf besonders gefragt sind. Renault und Citro\u00ebn haben hingegen in der Westschweiz an Popularit\u00e4t verloren und finden sich nicht mehr unter den Top 10.<\/p>\n\n\n\n<p><strong>Top 10 der meistgesuchten Automarken in der Schweiz:<\/strong><\/p>\n\n\n\n<p>ingegen in der Westschweiz an Popularit\u00e4t verloren und finden sich nicht mehr unter den Top 10.<\/p>\n\n\n\n<p><\/p>\n\n\n\n<figure class=\"wp-block-gallery has-nested-images columns-default is-cropped wp-block-gallery-1 is-layout-flex wp-block-gallery-is-layout-flex\">\n<figure class=\"wp-block-image size-large\"><img decoding=\"async\" data-id=\"5703\" src=\"https:\/\/nazarmagazin.com\/wp-content\/uploads\/2024\/03\/volkswagen.webp\" alt=\"\" class=\"wp-image-5703\"\/><\/figure>\n\n\n\n<figure class=\"wp-block-image size-large\"><img decoding=\"async\" data-id=\"5702\" src=\"https:\/\/nazarmagazin.com\/wp-content\/uploads\/2024\/03\/volvo.webp\" alt=\"\" class=\"wp-image-5702\"\/><\/figure>\n\n\n\n<figure class=\"wp-block-image size-large\"><img decoding=\"async\" data-id=\"5701\" src=\"https:\/\/nazarmagazin.com\/wp-content\/uploads\/2024\/03\/ford.webp\" alt=\"\" class=\"wp-image-5701\"\/><\/figure>\n\n\n\n<figure class=\"wp-block-image size-large\"><img decoding=\"async\" data-id=\"5700\" src=\"https:\/\/nazarmagazin.com\/wp-content\/uploads\/2024\/03\/bmw.webp\" alt=\"\" class=\"wp-image-5700\"\/><\/figure>\n\n\n\n<figure class=\"wp-block-image size-large\"><img decoding=\"async\" data-id=\"5699\" src=\"https:\/\/nazarmagazin.com\/wp-content\/uploads\/2024\/03\/opel.webp\" alt=\"\" class=\"wp-image-5699\"\/><\/figure>\n\n\n\n<figure class=\"wp-block-image size-large\"><img decoding=\"async\" data-id=\"5698\" src=\"https:\/\/nazarmagazin.com\/wp-content\/uploads\/2024\/03\/porsche-1.webp\" alt=\"\" class=\"wp-image-5698\"\/><\/figure>\n\n\n\n<figure class=\"wp-block-image size-large\"><img decoding=\"async\" data-id=\"5697\" src=\"https:\/\/nazarmagazin.com\/wp-content\/uploads\/2024\/03\/audi.webp\" alt=\"\" class=\"wp-image-5697\"\/><\/figure>\n\n\n\n<figure class=\"wp-block-image size-large\"><img decoding=\"async\" data-id=\"5696\" src=\"https:\/\/nazarmagazin.com\/wp-content\/uploads\/2024\/03\/mercedes-2.webp\" alt=\"\" class=\"wp-image-5696\"\/><\/figure>\n\n\n\n<figure class=\"wp-block-image size-large\"><img decoding=\"async\" data-id=\"5695\" src=\"https:\/\/nazarmagazin.com\/wp-content\/uploads\/2024\/03\/rangerover.webp\" alt=\"\" class=\"wp-image-5695\"\/><\/figure>\n\n\n\n<figure class=\"wp-block-image size-large\"><img decoding=\"async\" data-id=\"5694\" src=\"https:\/\/nazarmagazin.com\/wp-content\/uploads\/2024\/03\/tesla.webp\" alt=\"\" class=\"wp-image-5694\"\/><\/figure>\n\n\n\n<figure class=\"wp-block-image size-large\"><img decoding=\"async\" data-id=\"5693\" src=\"https:\/\/nazarmagazin.com\/wp-content\/uploads\/2024\/03\/porsche.webp\" alt=\"\" class=\"wp-image-5693\"\/><\/figure>\n<\/figure>\n\n\n\n<p><\/p>\n\n\n\n<ol class=\"wp-block-list\">\n<li>Mercedes-Benz (13,9 Prozent)<\/li>\n\n\n\n<li>BMW (12,4 Prozent)<\/li>\n\n\n\n<li>Volkswagen (VW) (10,6 Prozent)<\/li>\n\n\n\n<li>Audi<\/li>\n\n\n\n<li>Porsche<\/li>\n\n\n\n<li>Tesla<\/li>\n\n\n\n<li>Ford<\/li>\n\n\n\n<li>Opel<\/li>\n\n\n\n<li>Volvo<\/li>\n\n\n\n<li>Land Rover<\/li>\n<\/ol>\n","protected":false},"excerpt":{"rendered":"<p>Die Vorliebe der Schweizer f\u00fcr deutsche Automarken ist ungebrochen, wie die Auswertung der meistgesuchten Neuwagen und Occasionen zeigt. Die Top 10 dieser Automarken spiegeln deutlich wider, welche Fahrzeuge auf dem Markt am meisten Interesse wecken. Deutsche Automarken dominieren die Liste, angef\u00fchrt von Mercedes-Benz mit einem Anteil von 13,9 Prozent. Auf den Pl\u00e4tzen folgen BMW mit [&hellip;]<\/p>\n","protected":false},"author":1,"featured_media":0,"comment_status":"open","ping_status":"open","sticky":false,"template":"","format":"standard","meta":{"footnotes":""},"categories":[2,12],"tags":[],"class_list":["post-1669","post","type-post","status-publish","format-standard","hentry","category-schweiz","category-wirtschaft"],"aioseo_notices":[],"_links":{"self":[{"href":"https:\/\/isvicreninsesi.ch\/de\/wp-json\/wp\/v2\/posts\/1669","targetHints":{"allow":["GET"]}}],"collection":[{"href":"https:\/\/isvicreninsesi.ch\/de\/wp-json\/wp\/v2\/posts"}],"about":[{"href":"https:\/\/isvicreninsesi.ch\/de\/wp-json\/wp\/v2\/types\/post"}],"author":[{"embeddable":true,"href":"https:\/\/isvicreninsesi.ch\/de\/wp-json\/wp\/v2\/users\/1"}],"replies":[{"embeddable":true,"href":"https:\/\/isvicreninsesi.ch\/de\/wp-json\/wp\/v2\/comments?post=1669"}],"version-history":[{"count":1,"href":"https:\/\/isvicreninsesi.ch\/de\/wp-json\/wp\/v2\/posts\/1669\/revisions"}],"predecessor-version":[{"id":1671,"href":"https:\/\/isvicreninsesi.ch\/de\/wp-json\/wp\/v2\/posts\/1669\/revisions\/1671"}],"wp:attachment":[{"href":"https:\/\/isvicreninsesi.ch\/de\/wp-json\/wp\/v2\/media?parent=1669"}],"wp:term":[{"taxonomy":"category","embeddable":true,"href":"https:\/\/isvicreninsesi.ch\/de\/wp-json\/wp\/v2\/categories?post=1669"},{"taxonomy":"post_tag","embeddable":true,"href":"https:\/\/isvicreninsesi.ch\/de\/wp-json\/wp\/v2\/tags?post=1669"}],"curies":[{"name":"wp","href":"https:\/\/api.w.org\/{rel}","templated":true}]}}