{"id":1436,"date":"2024-02-20T16:05:31","date_gmt":"2024-02-20T13:05:31","guid":{"rendered":"https:\/\/isvicreninsesi.ch\/de\/?p=1436"},"modified":"2024-02-20T16:05:33","modified_gmt":"2024-02-20T13:05:33","slug":"gerichtsentscheid-in-zuerich-airbnb-mieter-fristlos-gekuendigt","status":"publish","type":"post","link":"https:\/\/isvicreninsesi.ch\/de\/gerichtsentscheid-in-zuerich-airbnb-mieter-fristlos-gekuendigt\/","title":{"rendered":"Gerichtsentscheid in Z\u00fcrich: Airbnb-Mieter fristlos gek\u00fcndigt"},"content":{"rendered":"\n<p>Gerichtsentscheidung in Z\u00fcrich: Airbnb-Mieter vermietet Wohnung, Vermieter k\u00fcndigt fristlos<\/p>\n\n\n\n<p><strong>Cemil Baysal.- <\/strong>Ein Gerichtsurteil in Z\u00fcrich besagt, dass die fristlose K\u00fcndigung des Vermieters gegen\u00fcber einem Mieter, der seine Wohnung \u00fcber Airbnb und Booking.com vermietet hatte, rechtens war. Der Mieter hatte ohne Zustimmung des Vermieters Untermieter auf den Plattformen angeboten.<\/p>\n\n\n\n<p>Der Mann hatte im M\u00e4rz 2023 eine Studio-Wohnung f\u00fcr 1585 Schweizer Franken und kurz darauf eine Wohnung f\u00fcr 1635 Schweizer Franken gemietet. Obwohl der Mietvertrag nur einem Bewohner erlaubte, bot der Mann beide Wohnungen auf den Plattformen f\u00fcr bis zu vier Personen an. Er verlangte etwa 215 Schweizer Franken pro Nacht.<\/p>\n\n\n\n<p>Die st\u00e4ndig wechselnden und st\u00f6renden Ger\u00e4usche von Untermietern f\u00fchrten zu wiederholten Warnungen des Vermieters. Trotzdem setzte der Mann seine Aktivit\u00e4ten fort und wurde schlie\u00dflich bis zum 31. August 2023 fristlos gek\u00fcndigt.<\/p>\n\n\n\n<p>Der Mieter fand die K\u00fcndigung ungerechtfertigt und legte Widerspruch ein. Das Gericht wies die Einw\u00e4nde des Mannes zur\u00fcck, erkl\u00e4rte, dass seine Behauptungen &#8222;vollst\u00e4ndig unglaubw\u00fcrdig&#8220; seien, und entschied zugunsten der Hausverwaltung, die die K\u00fcndigung f\u00fcr rechtens hielt.<\/p>\n\n\n\n<p>Dar\u00fcber hinaus wurde entschieden, dass der Mann der Hausverwaltung eine &#8222;angemessene Entsch\u00e4digung&#8220; von 9350 Schweizer Franken zahlen und die Gerichtskosten von 6780 Schweizer Franken tragen muss. Dieses Urteil betont die Bedeutung der Einhaltung der Mietvertragsbedingungen und erm\u00f6glicht es den Eigent\u00fcmern, ihre Eigentumsrechte zu wahren.<\/p>\n\n\n\n<p><strong>Franz\u00f6sisch:<\/strong> D\u00e9cision de justice \u00e0 Zurich : Locataire Airbnb expuls\u00e9<\/p>\n\n\n\n<p>D\u00e9cision de justice \u00e0 Zurich : Locataire Airbnb Expulse son Appartement par le Propri\u00e9taire<\/p>\n\n\n\n<p> Une d\u00e9cision de justice \u00e0 Zurich a statu\u00e9 que la r\u00e9siliation urgente du bail par le propri\u00e9taire envers un locataire qui louait son appartement sur Airbnb et Booking.com \u00e9tait conforme \u00e0 la loi. Le locataire avait propos\u00e9 des sous-locataires sur les plateformes sans l&#8217;autorisation du propri\u00e9taire.<\/p>\n\n\n\n<p>En mars 2023, l&#8217;homme avait lou\u00e9 un studio pour 1585 francs suisses, puis peu de temps apr\u00e8s un appartement pour 1635 francs suisses. Bien que le contrat de location autorise seulement une personne \u00e0 vivre dans l&#8217;appartement, l&#8217;homme proposait les deux appartements sur les plateformes pour jusqu&#8217;\u00e0 quatre personnes. Il demandait environ 215 francs suisses par nuit.<\/p>\n\n\n\n<p>Les plaintes des autres locataires concernant les sous-locataires bruyants et changeants ont conduit \u00e0 plusieurs avertissements du propri\u00e9taire. Cependant, l&#8217;homme a continu\u00e9 son activit\u00e9 et a finalement \u00e9t\u00e9 expuls\u00e9 le 31 ao\u00fbt 2023.<\/p>\n\n\n\n<p>Le locataire a consid\u00e9r\u00e9 l&#8217;expulsion comme injuste et a fait appel. Le tribunal a rejet\u00e9 l&#8217;appel de l&#8217;homme, affirmant que ses all\u00e9gations \u00e9taient &#8222;totalement peu convaincantes&#8220;, et a statu\u00e9 en faveur de la gestion immobili\u00e8re, consid\u00e9rant l&#8217;expulsion comme l\u00e9gitime.<\/p>\n\n\n\n<p>De plus, il a \u00e9t\u00e9 d\u00e9cid\u00e9 que l&#8217;homme devrait verser une &#8222;compensation appropri\u00e9e&#8220; de 9350 francs suisses \u00e0 la gestion immobili\u00e8re et prendre en charge les frais de justice de 6780 francs suisses. Cette d\u00e9cision souligne l&#8217;importance du respect des conditions du contrat de location tout en permettant aux propri\u00e9taires de pr\u00e9server leurs droits de propri\u00e9t\u00e9.<\/p>\n\n\n\n<p><strong>Italienisch:<\/strong> Decisione del Tribunale a Zurigo: Affittuario Airbnb espulso<\/p>\n\n\n\n<p>Decisione del Tribunale a Zurigo: Affittuario Airbnb Espelle dall&#8217;Appartamento il Proprietario<\/p>\n\n\n\n<p>  Una decisione del tribunale a Zurigo ha stabilito che lo sfratto urgente del proprietario nei confronti di un affittuario che affittava la sua casa su Airbnb e Booking.com era legittimo. L&#8217;affittuario aveva offerto subaffittuari sulle piattaforme senza il consenso del proprietario.<\/p>\n\n\n\n<p>L&#8217;uomo aveva affittato uno studio a marzo 2023 per 1585 franchi svizzeri e poco dopo un appartamento per 1635 franchi svizzeri. Nonostante il contratto di locazione consentisse solo a una persona di vivere nell&#8217;appartamento, l&#8217;uomo offriva entrambi gli appartamenti sulle piattaforme per un massimo di quattro persone. Chiedeva circa 215 franchi svizzeri a notte.<\/p>\n\n\n\n<p>Le lamentele degli altri affittuari riguardo agli inquilini rumorosi e mutevoli hanno portato a ripetuti avvertimenti da parte del proprietario. Tuttavia, l&#8217;uomo ha continuato la sua attivit\u00e0 ed \u00e8 stato infine sfrattato entro il 31 agosto 2023.<\/p>\n\n\n\n<p>L&#8217;affittuario ha ritenuto lo sfratto ingiusto e ha presentato ricorso. Il tribunale ha respinto le obiezioni dell&#8217;uomo, dichiarando che le sue affermazioni erano &#8222;completamente incredibili&#8220; e ha emesso una sentenza a favore della gestione immobiliare, ritenendo lo sfratto legittimo.<\/p>\n\n\n\n<p>Inoltre, \u00e8 stato deciso che l&#8217;uomo dovr\u00e0 versare una &#8222;compensazione adeguata&#8220; di 9350 franchi svizzeri alla gestione immobiliare e coprire le spese legali di 6780 franchi svizzeri. Questa decisione sottolinea l&#8217;importanza del rispetto delle condizioni del contratto di locazione consentendo ai proprietari di preservare i loro diritti di propriet\u00e0.<\/p>\n","protected":false},"excerpt":{"rendered":"<p>Gerichtsentscheidung in Z\u00fcrich: Airbnb-Mieter vermietet Wohnung, Vermieter k\u00fcndigt fristlos Cemil Baysal.- Ein Gerichtsurteil in Z\u00fcrich besagt, dass die fristlose K\u00fcndigung des Vermieters gegen\u00fcber einem Mieter, der seine Wohnung \u00fcber Airbnb und Booking.com vermietet hatte, rechtens war. Der Mieter hatte ohne Zustimmung des Vermieters Untermieter auf den Plattformen angeboten. Der Mann hatte im M\u00e4rz 2023 eine [&hellip;]<\/p>\n","protected":false},"author":1,"featured_media":0,"comment_status":"open","ping_status":"open","sticky":false,"template":"","format":"standard","meta":{"footnotes":""},"categories":[80,2],"tags":[],"class_list":["post-1436","post","type-post","status-publish","format-standard","hentry","category-leben","category-schweiz"],"aioseo_notices":[],"_links":{"self":[{"href":"https:\/\/isvicreninsesi.ch\/de\/wp-json\/wp\/v2\/posts\/1436","targetHints":{"allow":["GET"]}}],"collection":[{"href":"https:\/\/isvicreninsesi.ch\/de\/wp-json\/wp\/v2\/posts"}],"about":[{"href":"https:\/\/isvicreninsesi.ch\/de\/wp-json\/wp\/v2\/types\/post"}],"author":[{"embeddable":true,"href":"https:\/\/isvicreninsesi.ch\/de\/wp-json\/wp\/v2\/users\/1"}],"replies":[{"embeddable":true,"href":"https:\/\/isvicreninsesi.ch\/de\/wp-json\/wp\/v2\/comments?post=1436"}],"version-history":[{"count":1,"href":"https:\/\/isvicreninsesi.ch\/de\/wp-json\/wp\/v2\/posts\/1436\/revisions"}],"predecessor-version":[{"id":1437,"href":"https:\/\/isvicreninsesi.ch\/de\/wp-json\/wp\/v2\/posts\/1436\/revisions\/1437"}],"wp:attachment":[{"href":"https:\/\/isvicreninsesi.ch\/de\/wp-json\/wp\/v2\/media?parent=1436"}],"wp:term":[{"taxonomy":"category","embeddable":true,"href":"https:\/\/isvicreninsesi.ch\/de\/wp-json\/wp\/v2\/categories?post=1436"},{"taxonomy":"post_tag","embeddable":true,"href":"https:\/\/isvicreninsesi.ch\/de\/wp-json\/wp\/v2\/tags?post=1436"}],"curies":[{"name":"wp","href":"https:\/\/api.w.org\/{rel}","templated":true}]}}