{"id":1405,"date":"2024-02-18T11:18:16","date_gmt":"2024-02-18T08:18:16","guid":{"rendered":"https:\/\/isvicreninsesi.ch\/de\/?p=1405"},"modified":"2024-02-18T11:25:36","modified_gmt":"2024-02-18T08:25:36","slug":"instagram-und-tiktok-social-media-verbot-fuer-unter-16-jaehrige","status":"publish","type":"post","link":"https:\/\/isvicreninsesi.ch\/de\/instagram-und-tiktok-social-media-verbot-fuer-unter-16-jaehrige\/","title":{"rendered":"Instagram und TikTok: Social-Media-Verbot f\u00fcr unter 16-J\u00e4hrige"},"content":{"rendered":"\n<p>I<em>n der Schweiz zeigen Forschungsergebnisse, dass der intensive Gebrauch von sozialen Medien, insbesondere auf Plattformen wie Instagram und TikTok, bei Jugendlichen negative Auswirkungen haben kann. Der Medienpsychologe Daniel S\u00fcss von der ZHAW betont in diesem Zusammenhang die Notwendigkeit effektiverer medienp\u00e4dagogischer Ma\u00dfnahmen, um den Internetgebrauch von Jugendlichen zu regulieren.<\/em><\/p>\n\n\n\n<p><em>Diese besorgniserregende Tendenz in der Schweiz findet nun auch im s\u00fcdlichen Teil der USA, insbesondere in Florida, Widerhall. Florida erw\u00e4gt einen radikalen Schritt, der sich auf Jugendliche unter 16 Jahren auswirken k\u00f6nnte: Ein Gesetzesentwurf wird diskutiert, der das vollst\u00e4ndige Verbot der Nutzung von Instagram und TikTok f\u00fcr diese Altersgruppe vorsieht.<\/em><\/p>\n\n\n\n<p><em>Laut der JAMES-Studie 2022 verbringen Jugendliche durchschnittlich mehr als drei Stunden pro Tag im Internet, und etwa 8,5% der 12- bis 19-J\u00e4hrigen nutzen das Internet problematisch. Diese Entwicklung beunruhigt Suchtexperten und Psychologen in der Schweiz und l\u00f6st eine breitere internationale Debatte \u00fcber die Regulierung der Interaktionen von Jugendlichen in sozialen Medien aus.<\/em><\/p>\n\n\n\n<p><em>Wenn das Gesetz in Florida verabschiedet wird, w\u00fcrden alle Konten von Personen unter 16 Jahren geschlossen, und die sozialen Medienplattformen w\u00e4ren verpflichtet, das Alter der Benutzer kontinuierlich zu \u00fcberpr\u00fcfen. Experten bezweifeln jedoch, ob ein Verbot effektiv sein w\u00fcrde. Daniel S\u00fcss von der ZHAW sagt: &#8222;Eine effektivere L\u00f6sung w\u00e4re die F\u00f6rderung von Medienkompetenz f\u00fcr Jugendliche und die Erh\u00f6hung der Schutzma\u00dfnahmen auf Seiten der sozialen Medienanbieter.&#8220;<\/em><\/p>\n\n\n\n<p><em>Diese Entwicklungen k\u00f6nnten die internationalen Bem\u00fchungen zur Regulierung der Interaktionen von Jugendlichen in sozialen Medien beschleunigen, und die besorgniserregenden Ergebnisse in der Schweiz k\u00f6nnten ein Faktor sein, der Florida zu diesem einschr\u00e4nkenden Schritt bewegt.<\/em><\/p>\n\n\n\n<p><strong>Franz\u00f6sisch:<\/strong> <strong>La Suisse inspire la Floride : Projet d&#8217;interdiction d&#8217;Instagram et de TikTok pour les moins de 16 ans<\/strong><\/p>\n\n\n\n<p><em>En Suisse, des recherches montrent que l&#8217;utilisation intensive des m\u00e9dias sociaux, en particulier sur des plateformes telles qu&#8217;Instagram et TikTok, peut avoir des effets n\u00e9gatifs chez les adolescents. Le psychologue des m\u00e9dias, Daniel S\u00fcss de la ZHAW, souligne dans ce contexte la n\u00e9cessit\u00e9 de mesures p\u00e9dagogiques plus efficaces pour r\u00e9guler l&#8217;utilisation d&#8217;Internet par les adolescents.<\/em><\/p>\n\n\n\n<p><em>Cette tendance pr\u00e9occupante en Suisse trouve maintenant \u00e9cho dans le sud des \u00c9tats-Unis, en particulier en Floride. La Floride envisage une mesure radicale qui pourrait affecter les moins de 16 ans : un projet de loi est en discussion, pr\u00e9voyant l&#8217;interdiction totale d&#8217;utilisation d&#8217;Instagram et de TikTok pour cette tranche d&#8217;\u00e2ge.<\/em><\/p>\n\n\n\n<p><em>Selon l&#8217;\u00e9tude JAMES 2022, les adolescents passent en moyenne plus de trois heures par jour sur Internet, et environ 8,5 % des 12-19 ans utilisent Internet de mani\u00e8re probl\u00e9matique. Cette tendance inqui\u00e8te les experts en addiction et les psychologues en Suisse, d\u00e9clenchant un d\u00e9bat international plus large sur la r\u00e9gulation des interactions des adolescents sur les m\u00e9dias sociaux.<\/em><\/p>\n\n\n\n<p><em>Si la loi est adopt\u00e9e en Floride, tous les comptes des moins de 16 ans seraient ferm\u00e9s, et les plateformes de m\u00e9dias sociaux seraient tenues de v\u00e9rifier l&#8217;\u00e2ge des utilisateurs de mani\u00e8re continue. Cependant, les experts doutent de l&#8217;efficacit\u00e9 d&#8217;une interdiction. Daniel S\u00fcss de la ZHAW d\u00e9clare : &#8222;Une solution plus efficace serait la promotion de la comp\u00e9tence m\u00e9diatique pour les adolescents et le renforcement des mesures de protection du c\u00f4t\u00e9 des fournisseurs de m\u00e9dias sociaux.&#8220;<\/em><\/p>\n\n\n\n<p><em>Ces d\u00e9veloppements pourraient acc\u00e9l\u00e9rer les efforts internationaux visant \u00e0 r\u00e9guler les interactions des adolescents sur les m\u00e9dias sociaux, et les r\u00e9sultats pr\u00e9occupants en Suisse pourraient \u00eatre un facteur qui pousse la Floride \u00e0 prendre cette mesure restrictive.<\/em><\/p>\n\n\n\n<hr class=\"wp-block-separator has-alpha-channel-opacity\"\/>\n\n\n\n<p><strong>Italienisch:<\/strong> <strong>Svizzera ispira la Florida: Progetto di divieto di Instagram e TikTok per i minori di 16 anni<\/strong><\/p>\n\n\n\n<p><em>In Svizzera, ricerche mostrano che l&#8217;uso intensivo dei social media, in particolare su piattaforme come Instagram e TikTok, pu\u00f2 avere effetti negativi sugli adolescenti. Lo psicologo dei media, Daniel S\u00fcss della ZHAW, sottolinea in questo contesto la necessit\u00e0 di misure educative pi\u00f9 efficaci per regolare l&#8217;uso di Internet da parte degli adolescenti.<\/em><\/p>\n\n\n\n<p><em>Questa tendenza preoccupante in Svizzera trova ora eco nel sud degli Stati Uniti, in particolare in Florida. La Florida sta considerando una misura radicale che potrebbe interessare i minori di 16 anni: un disegno di legge \u00e8 in discussione, prevedendo il divieto totale di utilizzare Instagram e TikTok per questa fascia d&#8217;et\u00e0.<\/em><\/p>\n\n\n\n<p><em>Secondo lo studio JAMES 2022, gli adolescenti trascorrono in media pi\u00f9 di tre ore al giorno su Internet, e circa l&#8217;8,5% dei giovani tra i 12 e i 19 anni utilizza Internet in modo problematico. Questa tendenza preoccupa gli esperti di tossicologia e psicologi in Svizzera, innescando un dibattito internazionale pi\u00f9 ampio sulla regolamentazione delle interazioni degli adolescenti sui social media.<\/em><\/p>\n\n\n\n<p><em>Se la legge fosse approvata in Florida, tutti gli account dei minori di 16 anni verrebbero chiusi, e le piattaforme di social media sarebbero tenute a verificare l&#8217;et\u00e0 degli utenti in modo continuo. Tuttavia, gli esperti dubitano dell&#8217;efficacia di un divieto. Daniel S\u00fcss della ZHAW afferma: &#8222;Una soluzione pi\u00f9 efficace sarebbe promuovere la competenza mediatica per gli adolescenti e rafforzare le misure di protezione da parte dei fornitori di social media.&#8220;<\/em><\/p>\n\n\n\n<p><em>Questi sviluppi potrebbero accelerare gli sforzi internazionali per regolare le interazioni degli adolescenti sui social media, e i risultati preoccupanti in Svizzera potrebbero essere un fattore che spinge la Florida a prendere questa misura restrittiva.<\/em><\/p>\n","protected":false},"excerpt":{"rendered":"<p>In der Schweiz zeigen Forschungsergebnisse, dass der intensive Gebrauch von sozialen Medien, insbesondere auf Plattformen wie Instagram und TikTok, bei Jugendlichen negative Auswirkungen haben kann. Der Medienpsychologe Daniel S\u00fcss von der ZHAW betont in diesem Zusammenhang die Notwendigkeit effektiverer medienp\u00e4dagogischer Ma\u00dfnahmen, um den Internetgebrauch von Jugendlichen zu regulieren. Diese besorgniserregende Tendenz in der Schweiz findet [&hellip;]<\/p>\n","protected":false},"author":1,"featured_media":0,"comment_status":"open","ping_status":"open","sticky":false,"template":"","format":"standard","meta":{"footnotes":""},"categories":[80,78],"tags":[],"class_list":["post-1405","post","type-post","status-publish","format-standard","hentry","category-leben","category-tuerkei"],"aioseo_notices":[],"_links":{"self":[{"href":"https:\/\/isvicreninsesi.ch\/de\/wp-json\/wp\/v2\/posts\/1405","targetHints":{"allow":["GET"]}}],"collection":[{"href":"https:\/\/isvicreninsesi.ch\/de\/wp-json\/wp\/v2\/posts"}],"about":[{"href":"https:\/\/isvicreninsesi.ch\/de\/wp-json\/wp\/v2\/types\/post"}],"author":[{"embeddable":true,"href":"https:\/\/isvicreninsesi.ch\/de\/wp-json\/wp\/v2\/users\/1"}],"replies":[{"embeddable":true,"href":"https:\/\/isvicreninsesi.ch\/de\/wp-json\/wp\/v2\/comments?post=1405"}],"version-history":[{"count":2,"href":"https:\/\/isvicreninsesi.ch\/de\/wp-json\/wp\/v2\/posts\/1405\/revisions"}],"predecessor-version":[{"id":1408,"href":"https:\/\/isvicreninsesi.ch\/de\/wp-json\/wp\/v2\/posts\/1405\/revisions\/1408"}],"wp:attachment":[{"href":"https:\/\/isvicreninsesi.ch\/de\/wp-json\/wp\/v2\/media?parent=1405"}],"wp:term":[{"taxonomy":"category","embeddable":true,"href":"https:\/\/isvicreninsesi.ch\/de\/wp-json\/wp\/v2\/categories?post=1405"},{"taxonomy":"post_tag","embeddable":true,"href":"https:\/\/isvicreninsesi.ch\/de\/wp-json\/wp\/v2\/tags?post=1405"}],"curies":[{"name":"wp","href":"https:\/\/api.w.org\/{rel}","templated":true}]}}