{"id":1397,"date":"2024-02-16T19:52:27","date_gmt":"2024-02-16T16:52:27","guid":{"rendered":"https:\/\/isvicreninsesi.ch\/de\/?p=1397"},"modified":"2024-02-16T20:05:11","modified_gmt":"2024-02-16T17:05:11","slug":"familienvater-nach-30-jahren-wegen-schulden-des-landes-verwiesen","status":"publish","type":"post","link":"https:\/\/isvicreninsesi.ch\/de\/familienvater-nach-30-jahren-wegen-schulden-des-landes-verwiesen\/","title":{"rendered":"Familienvater nach 30 Jahren wegen Schulden des Landes verwiesen"},"content":{"rendered":"\n<p>Familienvater nach 30 Jahren wegen Schulden des Landes verwiesen<\/p>\n\n\n\n<p>Ein langj\u00e4hriger Bewohner des Kantons Aargau, ein 47-j\u00e4hriger montenegrinischer Staatsb\u00fcrger, sieht sich gezwungen, die Schweiz zu verlassen, nachdem das Bundesgericht einen Landesverweis wegen &#8222;mutwilliger Verschuldung&#8220; ausgesprochen hat. Der Mann hatte seit den fr\u00fchen 90er-Jahren in der Schweiz gelebt, erhielt sp\u00e4ter die Niederlassungsbewilligung C und zog hier seine Kinder gro\u00df. Aufgrund seiner finanziellen Misere, die durch wiederholte Bu\u00dfgelder, langj\u00e4hrige Abh\u00e4ngigkeit von Sozialhilfe und hohe Schulden gekennzeichnet war, entzogen ihm das aargauische Migrationsamt und das Verwaltungsgericht die Niederlassungsbewilligung. Dieser Entzug wurde nun auch durch das Bundesgericht best\u00e4tigt, wie die &#8222;Aargauer Zeitung&#8220; berichtet. Im Urteil hei\u00dft es, dass der Beschwerdef\u00fchrer durch seine mangelnde dauerhafte Erwerbst\u00e4tigkeit selbst in finanzielle Not geraten sei und erst im Jahr 2022 eine Vollzeitbesch\u00e4ftigung aufgenommen habe.<\/p>\n\n\n\n<p>Es sei darauf hingewiesen, dass ein obligatorischer Landesverweis grunds\u00e4tzlich f\u00fcr einen Zeitraum von f\u00fcnf bis maximal 15 Jahren ausgesprochen werden kann. Die genaue Dauer wird von den Gerichten unabh\u00e4ngig von der Schwere der begangenen Straftat festgelegt. Die Entscheidung des Bundesgerichts verdeutlicht, unter welchen Umst\u00e4nden Ausl\u00e4ndern die Niederlassungsbewilligung entzogen wird.<\/p>\n\n\n\n<p>France : <strong>En raison de dettes &#8211; Ces actes peuvent entra\u00eener une expulsion du pays<\/strong><\/p>\n\n\n\n<p>Un p\u00e8re de famille doit quitter la Suisse apr\u00e8s 30 ans<\/p>\n\n\n\n<p>Il a \u00e9t\u00e9 sanctionn\u00e9 environ 20 fois, a v\u00e9cu pendant longtemps uniquement de l&#8217;aide sociale et a accumul\u00e9 d&#8217;importantes dettes : un homme du canton d&#8217;Argovie doit quitter la Suisse apr\u00e8s 30 ans, a d\u00e9cid\u00e9 la Cour f\u00e9d\u00e9rale.<\/p>\n\n\n\n<p>La Cour f\u00e9d\u00e9rale a prononc\u00e9 une mesure d&#8217;expulsion \u00e0 l&#8217;encontre d&#8217;un Mont\u00e9n\u00e9grin, pour &#8222;endettement volontaire&#8220;.<\/p>\n\n\n\n<p>Le citoyen mont\u00e9n\u00e9grin (47 ans) vivait en Suisse depuis le d\u00e9but des ann\u00e9es 90, a obtenu quelques ann\u00e9es plus tard l&#8217;autorisation de s\u00e9jour C et a \u00e9lev\u00e9 ses enfants ici. En raison d&#8217;un &#8222;endettement volontaire&#8220;, l&#8217;office des migrations d&#8217;Argovie et le tribunal administratif lui ont retir\u00e9 l&#8217;autorisation de s\u00e9jour. Une d\u00e9cision d\u00e9sormais \u00e9galement soutenue par la Cour f\u00e9d\u00e9rale, selon le rapport du &#8222;Aargauer Zeitung&#8220;. &#8222;Le requ\u00e9rant a lui-m\u00eame provoqu\u00e9 la d\u00e9tresse financi\u00e8re en ne poursuivant aucune activit\u00e9 professionnelle durable, mais en ne commen\u00e7ant un emploi \u00e0 plein temps qu&#8217;en 2022&#8220;, indique le jugement.<\/p>\n\n\n\n<p>En principe, une expulsion nationale obligatoire peut \u00eatre prononc\u00e9e pour une dur\u00e9e de cinq \u00e0 quinze ans. La dur\u00e9e est d\u00e9cid\u00e9e par les tribunaux ind\u00e9pendamment de la gravit\u00e9 de la peine pour l&#8217;infraction commise. <\/p>\n\n\n\n<p><\/p>\n\n\n\n<p>\u0130talian : Debiti &#8211; Questi Atti Possono Portare a un Espulsione Nazionale<\/p>\n\n\n\n<p>Padre di Famiglia Costretto a Lasciare la Svizzera Dopo 30 Anni<\/p>\n\n\n\n<p>\u00c8 stato multato circa 20 volte, ha vissuto a lungo solo con l&#8217;assistenza sociale e ha accumulato debiti elevati: un uomo del Cantone di Argovia deve lasciare la Svizzera dopo 30 anni, ha deciso la Corte Federale.<\/p>\n\n\n\n<p>La Corte Federale ha emesso un provvedimento di espulsione nei confronti di un montenegrino, motivato da &#8222;indebitamento intenzionale&#8220;.<\/p>\n\n\n\n<p>Il cittadino montenegrino (47 anni) ha vissuto in Svizzera dagli inizi degli anni &#8217;90, ha ottenuto il permesso di domicilio C alcuni anni dopo e ha cresciuto qui i suoi figli. A causa dell'&#8220;indebitamento intenzionale&#8220;, l&#8217;Ufficio delle migrazioni dell&#8217;Argovia e il Tribunale amministrativo gli hanno revocato il permesso di domicilio. Una decisione che ora viene supportata anche dalla Corte Federale, come riporta l'&#8220;Aargauer Zeitung&#8220;. &#8222;Il ricorrente ha causato da solo la situazione finanziaria precaria, non svolgendo un&#8217;attivit\u00e0 lavorativa permanente, ma iniziando un impiego a tempo pieno solo nel 2022&#8220;, si legge nella sentenza.<\/p>\n\n\n\n<p>In linea di principio, un&#8217;espulsione nazionale obbligatoria pu\u00f2 essere emessa per un periodo di cinque a quindici anni. La durata \u00e8 stabilita dai tribunali in modo indipendente dalla gravit\u00e0 della pena per il reato commesso. <\/p>\n","protected":false},"excerpt":{"rendered":"<p>Familienvater nach 30 Jahren wegen Schulden des Landes verwiesen Ein langj\u00e4hriger Bewohner des Kantons Aargau, ein 47-j\u00e4hriger montenegrinischer Staatsb\u00fcrger, sieht sich gezwungen, die Schweiz zu verlassen, nachdem das Bundesgericht einen Landesverweis wegen &#8222;mutwilliger Verschuldung&#8220; ausgesprochen hat. Der Mann hatte seit den fr\u00fchen 90er-Jahren in der Schweiz gelebt, erhielt sp\u00e4ter die Niederlassungsbewilligung C und zog hier [&hellip;]<\/p>\n","protected":false},"author":1,"featured_media":0,"comment_status":"open","ping_status":"open","sticky":false,"template":"","format":"standard","meta":{"footnotes":""},"categories":[2],"tags":[],"class_list":["post-1397","post","type-post","status-publish","format-standard","hentry","category-schweiz"],"aioseo_notices":[],"_links":{"self":[{"href":"https:\/\/isvicreninsesi.ch\/de\/wp-json\/wp\/v2\/posts\/1397","targetHints":{"allow":["GET"]}}],"collection":[{"href":"https:\/\/isvicreninsesi.ch\/de\/wp-json\/wp\/v2\/posts"}],"about":[{"href":"https:\/\/isvicreninsesi.ch\/de\/wp-json\/wp\/v2\/types\/post"}],"author":[{"embeddable":true,"href":"https:\/\/isvicreninsesi.ch\/de\/wp-json\/wp\/v2\/users\/1"}],"replies":[{"embeddable":true,"href":"https:\/\/isvicreninsesi.ch\/de\/wp-json\/wp\/v2\/comments?post=1397"}],"version-history":[{"count":2,"href":"https:\/\/isvicreninsesi.ch\/de\/wp-json\/wp\/v2\/posts\/1397\/revisions"}],"predecessor-version":[{"id":1400,"href":"https:\/\/isvicreninsesi.ch\/de\/wp-json\/wp\/v2\/posts\/1397\/revisions\/1400"}],"wp:attachment":[{"href":"https:\/\/isvicreninsesi.ch\/de\/wp-json\/wp\/v2\/media?parent=1397"}],"wp:term":[{"taxonomy":"category","embeddable":true,"href":"https:\/\/isvicreninsesi.ch\/de\/wp-json\/wp\/v2\/categories?post=1397"},{"taxonomy":"post_tag","embeddable":true,"href":"https:\/\/isvicreninsesi.ch\/de\/wp-json\/wp\/v2\/tags?post=1397"}],"curies":[{"name":"wp","href":"https:\/\/api.w.org\/{rel}","templated":true}]}}