{"id":1393,"date":"2024-02-16T12:02:58","date_gmt":"2024-02-16T09:02:58","guid":{"rendered":"https:\/\/isvicreninsesi.ch\/de\/?p=1393"},"modified":"2024-02-16T12:03:14","modified_gmt":"2024-02-16T09:03:14","slug":"einkaufstourismus-entfacht-debatte-ueber-mehrwertsteuervorteile-in-der-schweiz","status":"publish","type":"post","link":"https:\/\/isvicreninsesi.ch\/de\/einkaufstourismus-entfacht-debatte-ueber-mehrwertsteuervorteile-in-der-schweiz\/","title":{"rendered":"Einkaufstourismus entfacht Debatte \u00fcber Mehrwertsteuervorteile in der Schweiz"},"content":{"rendered":"\n<p><\/p>\n\n\n\n<p>Cemil Baysal.- Die Bewohner der Grenzkantone der Schweiz genie\u00dfen seit Jahren das Vergn\u00fcgen, in L\u00e4ndern wie Italien, Deutschland und \u00d6sterreich g\u00fcnstiger einzukaufen. Diese Situation ruft den Unmut von Einzelh\u00e4ndlern und Superm\u00e4rkten im ganzen Land hervor. Jetzt fordern der Einzelhandelsverband und die Landwirte eine Senkung des Mehrwertsteuervorteils und heizen die Debatte weiter an.<\/p>\n\n\n\n<p>Shopping-Tourismus: Einzelh\u00e4ndler und Landwirte fordern Mehrwertsteuer ab 50 Franken<\/p>\n\n\n\n<p>Der Shopping-Tourismus f\u00fcr Bewohner der Grenzkantone der Schweiz ist zu einem hei\u00dfen Thema zwischen Einzelh\u00e4ndlern und Landwirten geworden. Der Einzelhandelsverband und die Landwirte planen, die Mehrwertsteuer bei der Grenz\u00fcberquerung ab 50 Franken zu erheben. Derzeit gilt diese Grenze ab 300 Franken.<\/p>\n\n\n\n<p>Dagmar Jenni, Direktorin des Detailhandelsunternehmens Swiss Retail Federation, argumentiert, dass das aktuelle System ungerecht ist. &#8222;Auf illegitime Weise m\u00fcssen Personen, die im Ausland einkaufen, in der Schweiz bis zu 300 Franken keine Mehrwertsteuer zahlen und k\u00f6nnen gleichzeitig die ausl\u00e4ndische Mehrwertsteuer zur\u00fcckfordern, was bedeutet, dass sie einen doppelten Steuervorteil haben&#8220;, sagt Jenni. Die derzeitige Regelung der Grenze von 300 Franken ist &#8222;eigentlich eine Subvention f\u00fcr den ausl\u00e4ndischen Einzelhandel&#8220;.<\/p>\n\n\n\n<p>Der Schweizer Bauernverband und die IG Detailhandel, zu der Migros, Coop und Denner geh\u00f6ren, fordern ebenfalls eine Senkung der Grenze. Maja Freiermuth argumentiert, dass die hohe Grenze den H\u00e4ndlern in den Nachbarl\u00e4ndern einen Wettbewerbsvorteil verschafft und gro\u00dfe Eink\u00e4ufe im Ausland attraktiv macht. &#8222;Dies bedeutet Milliardenverluste f\u00fcr den Schweizer Einzelhandelssektor.&#8220;<\/p>\n\n\n\n<p>Kritiker und Gegenargumente: Die Stiftung Konsumentenschutz argumentiert jedoch, dass das eigentliche Problem in den &#8222;\u00fcbertriebenen Preisen&#8220; in der Schweiz liegt. Die Stiftung f\u00fcr Konsumentenschutz behauptet, dass einige Produkte in Nachbarl\u00e4ndern im Vergleich zur Schweiz unverh\u00e4ltnism\u00e4\u00dfig g\u00fcnstiger sind. Ebenso h\u00e4lt Stefan Meierhans, der Preisaufseher, eine Senkung der Grenze auf 150 Franken f\u00fcr falsch. Diese Ma\u00dfnahme k\u00f6nne &#8222;die manchmal erheblichen Preisunterschiede&#8220; zwischen der Schweiz und dem Ausland nicht ausgleichen.<\/p>\n\n\n\n<p>Fazit: Diese Debatten beinhalten den Vorschlag des Bundesrates, die Grenze auf 150 Franken zu senken. Einzelh\u00e4ndler und Landwirte halten diese Ma\u00dfnahme f\u00fcr unzureichend und fordern, die Grenze auf 50 Franken festzulegen. Diejenigen, die gegen diesen Vorschlag sind, behaupten jedoch, dass dies praktisch zu mehr Komplexit\u00e4t und l\u00e4ngeren Zollverfahren f\u00fchren k\u00f6nnte. W\u00e4hrend die Diskussionen und Forderungen zu diesem Thema weitergehen, wird das Thema des Shopping-Tourismus in der Schweiz voraussichtlich weiterhin Aufmerksamkeit erregen.<\/p>\n\n\n\n<p>Tourisme Shopping : D\u00e9taillants et Agriculteurs R\u00e9clament la TVA \u00e0 Partir de 50 Francs<\/p>\n\n\n\n<p>Les habitants des cantons frontaliers de la Suisse profitent depuis des ann\u00e9es du plaisir de faire des achats dans des pays moins chers tels que l&#8217;Italie, l&#8217;Allemagne et l&#8217;Autriche. Cette situation suscite la col\u00e8re des d\u00e9taillants et des supermarch\u00e9s \u00e0 travers le pays. Maintenant, l&#8217;association des d\u00e9taillants et les agriculteurs demandent une r\u00e9duction de l&#8217;avantage de la TVA, intensifiant ainsi davantage le d\u00e9bat.<\/p>\n\n\n\n<p>Le tourisme shopping pour les habitants des cantons frontaliers de la Suisse est devenu un sujet br\u00fblant entre les d\u00e9taillants et les agriculteurs. L&#8217;association suisse des d\u00e9taillants et les agriculteurs pr\u00e9voient de faire passer la TVA \u00e0 partir de 50 Francs lors du passage de la fronti\u00e8re. Actuellement, cette limite est appliqu\u00e9e \u00e0 partir de 300 Francs.<\/p>\n\n\n\n<p>Dagmar Jenni, directrice de Detailhandelsunternehmen Swiss Retail Federation, soutient que le syst\u00e8me actuel est injuste. &#8222;De mani\u00e8re ill\u00e9gitime, ceux qui font des achats \u00e0 l&#8217;\u00e9tranger n&#8217;ont pas \u00e0 payer de TVA en Suisse jusqu&#8217;\u00e0 300 Francs et peuvent \u00e9galement r\u00e9cup\u00e9rer la TVA \u00e9trang\u00e8re, ce qui signifie qu&#8217;ils b\u00e9n\u00e9ficient d&#8217;un double avantage fiscal,&#8220; explique Jenni. La r\u00e9glementation actuelle de la limite de 300 Francs est &#8222;en fait une subvention au commerce de d\u00e9tail \u00e9tranger.&#8220;<\/p>\n\n\n\n<p>Schweizer Bauernverband et l&#8217;IG Detailhandel, regroupant Migros, Coop et Denner, demandent \u00e9galement une r\u00e9duction de la limite. Maja Freiermuth soutient que la limite \u00e9lev\u00e9e donne un avantage concurrentiel aux commer\u00e7ants des pays voisins et rend attractifs les grands achats \u00e0 l&#8217;\u00e9tranger. &#8222;Cela repr\u00e9sente des pertes de milliards de dollars pour le secteur du commerce de d\u00e9tail suisse.&#8220;<\/p>\n\n\n\n<p>Critiques et Contre-arguments : Cependant, la fondation Konsumentenschutz soutient que le probl\u00e8me r\u00e9side dans les &#8222;prix exag\u00e9r\u00e9s&#8220; en Suisse. La Stiftung f\u00fcr Konsumentenschutz affirme que certains produits sont d\u00e9raisonnablement moins chers dans les pays voisins par rapport \u00e0 la Suisse. De m\u00eame, Stefan Meierhans, le surveillant des prix, pense que la r\u00e9duction de la limite \u00e0 150 Francs est une erreur. Car cette mesure ne peut pas compenser &#8222;les \u00e9carts de prix parfois importants&#8220; entre la Suisse et l&#8217;\u00e9tranger.<\/p>\n\n\n\n<p>Conclusion : Ces d\u00e9bats incluent la proposition du Conseil f\u00e9d\u00e9ral de r\u00e9duire la limite \u00e0 150 Francs. Les d\u00e9taillants et les agriculteurs estiment que cette mesure est insuffisante et demandent que la limite soit fix\u00e9e \u00e0 50 Francs. Cependant, ceux qui s&#8217;opposent \u00e0 cette proposition affirment qu&#8217;elle pourrait entra\u00eener davantage de complexit\u00e9 et des processus douaniers plus longs. Alors que les discussions et les demandes sur ce sujet se poursuivent, la question du tourisme shopping en Suisse continuera probablement \u00e0 attirer l&#8217;attention.<\/p>\n\n\n\n<p><strong>\u0130talian:<\/strong> Turismo dello Shopping: Rivenditori e Agricoltori Chiedono l&#8217;IVA a Partire da 50 Franchi<\/p>\n\n\n\n<p>Gli abitanti dei cantoni al confine della Svizzera godono da anni del piacere di fare acquisti in paesi pi\u00f9 economici come l&#8217;Italia, la Germania e l&#8217;Austria. Questa situazione provoca la protesta dei rivenditori al dettaglio e dei supermercati in tutto il paese. Ora, l&#8217;associazione dei rivenditori al dettaglio e gli agricoltori, chiedendo una riduzione dell&#8217;IVA, alimentano ulteriormente la discussione.<\/p>\n\n\n\n<p><\/p>\n\n\n\n<p>Il turismo dello shopping per gli abitanti dei cantoni al confine della Svizzera \u00e8 diventato un argomento scottante tra rivenditori e agricoltori. L&#8217;associazione svizzera dei rivenditori al dettaglio e gli agricoltori prevedono di aumentare l&#8217;IVA a partire da 50 franchi al passaggio del confine. Attualmente, questo limite viene applicato a partire da 300 franchi.<\/p>\n\n\n\n<p>Dagmar Jenni, direttrice di Detailhandelsunternehmen Swiss Retail Federation, sostiene che l&#8217;attuale sistema \u00e8 ingiusto. &#8222;In modo illegittimo, coloro che fanno acquisti all&#8217;estero non devono pagare l&#8217;IVA in Svizzera fino a 300 franchi e possono anche recuperare l&#8217;IVA straniera, il che significa che beneficiano di un doppio vantaggio fiscale,&#8220; spiega Jenni. La regolamentazione attuale del limite di 300 franchi \u00e8 &#8222;in realt\u00e0 un sostegno al commercio al dettaglio straniero.&#8220;<\/p>\n\n\n\n<p>Schweizer Bauernverband e l&#8217;IG Detailhandel, che raggruppa Migros, Coop e Denner, chiedono anche una riduzione del limite. Maja Freiermuth sostiene che il limite elevato concede un vantaggio competitivo ai commercianti dei paesi confinanti e rende allettanti gli acquisti all&#8217;estero. &#8222;Questo rappresenta perdite miliardarie per il settore del commercio al dettaglio svizzero.&#8220;<\/p>\n\n\n\n<p>Critiche e Contro-argomenti : Tuttavia, la fondazione Konsumentenschutz sostiene che il problema risieda nei &#8222;prezzi esagerati&#8220; in Svizzera. La Stiftung f\u00fcr Konsumentenschutz afferma che alcuni prodotti sono irragionevolmente pi\u00f9 economici nei paesi confinanti rispetto alla Svizzera. Allo stesso modo, Stefan Meierhans, il vigilante dei prezzi, ritiene che ridurre il limite a 150 franchi sia un errore. Poich\u00e9 questa misura non pu\u00f2 compensare &#8222;le differenze di prezzo talvolta significative&#8220; tra la Svizzera e l&#8217;estero.<\/p>\n\n\n\n<p>Conclusione : Questi dibattiti includono la proposta del Consiglio federale di ridurre il limite a 150 franchi. I rivenditori e gli agricoltori ritengono che questa misura sia insufficiente e chiedono che il limite sia fissato a 50 franchi. Tuttavia, coloro che si oppongono a questa proposta sostengono che potrebbe comportare ulteriori complessit\u00e0 e processi doganali pi\u00f9 lunghi. Mentre le discussioni e le richieste su questo argomento continuano, la questione del turismo dello shopping in Svizzera continuer\u00e0 probabilmente a attirare l&#8217;attenzione.<\/p>\n\n\n\n<p>Ancak, bu \u00f6neriye kar\u015f\u0131 \u00e7\u0131kanlar, pratikte daha fazla karma\u015f\u0131kl\u0131\u011fa ve daha uzun s\u00fcren g\u00fcmr\u00fck s\u00fcre\u00e7lerine neden olabilece\u011fini iddia ediyorlar. Bu konudaki tart\u0131\u015fmalar ve talepler devam ederken, \u0130svi\u00e7re&#8217;deki al\u0131\u015fveri\u015f turizmi konusu daha fazla dikkat \u00e7ekmeye devam edecek gibi g\u00f6r\u00fcn\u00fcyor.<\/p>\n\n\n\n<figure class=\"wp-block-image size-full\"><img decoding=\"async\" src=\"https:\/\/isvicreninsesi.ch\/wp-content\/uploads\/2024\/02\/alisveris10.jpg\" alt=\"\" class=\"wp-image-1845\"\/><\/figure>\n\n\n\n<figure class=\"wp-block-gallery has-nested-images columns-default is-cropped wp-block-gallery-1 is-layout-flex wp-block-gallery-is-layout-flex\">\n<figure class=\"wp-block-image size-large\"><img decoding=\"async\" data-id=\"1837\" src=\"https:\/\/isvicreninsesi.ch\/wp-content\/uploads\/2024\/02\/alisveris-1024x512.jpg\" alt=\"\" class=\"wp-image-1837\"\/><\/figure>\n\n\n\n<figure class=\"wp-block-image size-large\"><img decoding=\"async\" data-id=\"1839\" src=\"https:\/\/isvicreninsesi.ch\/wp-content\/uploads\/2024\/02\/alisveris-2.png\" alt=\"\" class=\"wp-image-1839\"\/><\/figure>\n\n\n\n<figure class=\"wp-block-image size-large\"><img decoding=\"async\" data-id=\"1838\" src=\"https:\/\/isvicreninsesi.ch\/wp-content\/uploads\/2024\/02\/alisveris-3.jpg\" alt=\"\" class=\"wp-image-1838\"\/><\/figure>\n\n\n\n<figure class=\"wp-block-image size-large\"><img decoding=\"async\" data-id=\"1840\" src=\"https:\/\/isvicreninsesi.ch\/wp-content\/uploads\/2024\/02\/alisveris-4.png\" alt=\"\" class=\"wp-image-1840\"\/><\/figure>\n\n\n\n<figure class=\"wp-block-image size-large\"><img decoding=\"async\" data-id=\"1841\" src=\"https:\/\/isvicreninsesi.ch\/wp-content\/uploads\/2024\/02\/alisveris-6-1024x574.jpeg\" alt=\"\" class=\"wp-image-1841\"\/><\/figure>\n\n\n\n<figure class=\"wp-block-image size-large\"><img decoding=\"async\" data-id=\"1843\" src=\"https:\/\/isvicreninsesi.ch\/wp-content\/uploads\/2024\/02\/alisveris-8.png\" alt=\"\" class=\"wp-image-1843\"\/><\/figure>\n\n\n\n<figure class=\"wp-block-image size-large\"><img decoding=\"async\" data-id=\"1844\" src=\"https:\/\/isvicreninsesi.ch\/wp-content\/uploads\/2024\/02\/alisveris9-1.png\" alt=\"\" class=\"wp-image-1844\"\/><\/figure>\n<\/figure>\n\n\n\n<p><\/p>\n","protected":false},"excerpt":{"rendered":"<p>Cemil Baysal.- Die Bewohner der Grenzkantone der Schweiz genie\u00dfen seit Jahren das Vergn\u00fcgen, in L\u00e4ndern wie Italien, Deutschland und \u00d6sterreich g\u00fcnstiger einzukaufen. Diese Situation ruft den Unmut von Einzelh\u00e4ndlern und Superm\u00e4rkten im ganzen Land hervor. Jetzt fordern der Einzelhandelsverband und die Landwirte eine Senkung des Mehrwertsteuervorteils und heizen die Debatte weiter an. Shopping-Tourismus: Einzelh\u00e4ndler und [&hellip;]<\/p>\n","protected":false},"author":1,"featured_media":0,"comment_status":"open","ping_status":"open","sticky":false,"template":"","format":"standard","meta":{"footnotes":""},"categories":[2,12],"tags":[],"class_list":["post-1393","post","type-post","status-publish","format-standard","hentry","category-schweiz","category-wirtschaft"],"aioseo_notices":[],"_links":{"self":[{"href":"https:\/\/isvicreninsesi.ch\/de\/wp-json\/wp\/v2\/posts\/1393","targetHints":{"allow":["GET"]}}],"collection":[{"href":"https:\/\/isvicreninsesi.ch\/de\/wp-json\/wp\/v2\/posts"}],"about":[{"href":"https:\/\/isvicreninsesi.ch\/de\/wp-json\/wp\/v2\/types\/post"}],"author":[{"embeddable":true,"href":"https:\/\/isvicreninsesi.ch\/de\/wp-json\/wp\/v2\/users\/1"}],"replies":[{"embeddable":true,"href":"https:\/\/isvicreninsesi.ch\/de\/wp-json\/wp\/v2\/comments?post=1393"}],"version-history":[{"count":2,"href":"https:\/\/isvicreninsesi.ch\/de\/wp-json\/wp\/v2\/posts\/1393\/revisions"}],"predecessor-version":[{"id":1396,"href":"https:\/\/isvicreninsesi.ch\/de\/wp-json\/wp\/v2\/posts\/1393\/revisions\/1396"}],"wp:attachment":[{"href":"https:\/\/isvicreninsesi.ch\/de\/wp-json\/wp\/v2\/media?parent=1393"}],"wp:term":[{"taxonomy":"category","embeddable":true,"href":"https:\/\/isvicreninsesi.ch\/de\/wp-json\/wp\/v2\/categories?post=1393"},{"taxonomy":"post_tag","embeddable":true,"href":"https:\/\/isvicreninsesi.ch\/de\/wp-json\/wp\/v2\/tags?post=1393"}],"curies":[{"name":"wp","href":"https:\/\/api.w.org\/{rel}","templated":true}]}}