{"id":1379,"date":"2024-02-15T13:47:11","date_gmt":"2024-02-15T10:47:11","guid":{"rendered":"https:\/\/isvicreninsesi.ch\/de\/?p=1379"},"modified":"2024-02-15T13:47:12","modified_gmt":"2024-02-15T10:47:12","slug":"schockierendes-ereignis-in-peru-frau-schneidet-im-schlafenden-ehemann-den-penis-ab-und-bringt-ihn-ins-krankenhaus","status":"publish","type":"post","link":"https:\/\/isvicreninsesi.ch\/de\/schockierendes-ereignis-in-peru-frau-schneidet-im-schlafenden-ehemann-den-penis-ab-und-bringt-ihn-ins-krankenhaus\/","title":{"rendered":"Schockierendes Ereignis in Peru: Frau schneidet im Schlafenden Ehemann den Penis ab und bringt ihn ins Krankenhaus"},"content":{"rendered":"\n<p>Das blutige Drama in der Stadt Chota in Cajamarca, Peru, sorgt f\u00fcr Aufsehen. Marleni C. (39), eine Krankenschwester, f\u00fchrte einen verst\u00f6renden Vorfall herbei, der in der Gemeinde f\u00fcr Unruhe sorgt. Besonders brisant ist der Zeitpunkt kurz vor dem Valentinstag.<\/p>\n\n\n\n<p>Der Vorfall ereignete sich am Montagabend, als Iv\u00e1n S. (39), Biologe und Partner von Marleni C., nach Hause kam. Ein heftiger Streit entbrannte aufgrund angeblicher Untreue. In einem betrunkenen Zustand schlief Iv\u00e1n S. ein. In diesem Moment griff Marleni C. zu einem K\u00fcchenmesser und schnitt ihm den Penis ab.<\/p>\n\n\n\n<p>Nach der Tat brachte sie ihren schwer verletzten Mann ins Krankenhaus. Zun\u00e4chst behauptete sie, er habe sich die Verletzung selbst zugef\u00fcgt. Trotzdem konnte Iv\u00e1n S., der fast das Bewusstsein verloren hatte, angeben, dass seine Partnerin die Tat begangen hatte.<\/p>\n\n\n\n<p>Iv\u00e1n S. befindet sich in einem kritischen Zustand und soll nach Lima verlegt werden, um psychiatrische Betreuung zu erhalten. Die \u00f6rtlichen Beh\u00f6rden berichten von einer &#8222;traumatischen Amputation&#8220;.<\/p>\n\n\n\n<p>Marleni C. wurde nicht festgenommen, da sie sich um ihr drei Monate altes Kind k\u00fcmmern muss, so die \u00f6rtliche Staatsanwaltschaft. Die Ergebnisse der Untersuchungen werden abgewartet, um das Motiv und die genauen Umst\u00e4nde zu kl\u00e4ren.<\/p>\n\n\n\n<p>Diese schockierende Tat erinnert an einen \u00e4hnlichen Vorfall in Brasilien Ende letzten Jahres, bei dem eine Frau aus Rache den Penis ihres Mannes abschnitt und in die Toilette sp\u00fclte. Auch die Geschichte von John Wayne Bobbitt aus den USA im Jahr 1993, bei der seine Frau ihm im Schlaf den Penis abschnitt, wird wieder in Erinnerung gerufen.<\/p>\n","protected":false},"excerpt":{"rendered":"<p>Das blutige Drama in der Stadt Chota in Cajamarca, Peru, sorgt f\u00fcr Aufsehen. Marleni C. (39), eine Krankenschwester, f\u00fchrte einen verst\u00f6renden Vorfall herbei, der in der Gemeinde f\u00fcr Unruhe sorgt. Besonders brisant ist der Zeitpunkt kurz vor dem Valentinstag. Der Vorfall ereignete sich am Montagabend, als Iv\u00e1n S. (39), Biologe und Partner von Marleni C., [&hellip;]<\/p>\n","protected":false},"author":1,"featured_media":0,"comment_status":"open","ping_status":"open","sticky":false,"template":"","format":"standard","meta":{"footnotes":""},"categories":[78],"tags":[],"class_list":["post-1379","post","type-post","status-publish","format-standard","hentry","category-tuerkei"],"aioseo_notices":[],"_links":{"self":[{"href":"https:\/\/isvicreninsesi.ch\/de\/wp-json\/wp\/v2\/posts\/1379","targetHints":{"allow":["GET"]}}],"collection":[{"href":"https:\/\/isvicreninsesi.ch\/de\/wp-json\/wp\/v2\/posts"}],"about":[{"href":"https:\/\/isvicreninsesi.ch\/de\/wp-json\/wp\/v2\/types\/post"}],"author":[{"embeddable":true,"href":"https:\/\/isvicreninsesi.ch\/de\/wp-json\/wp\/v2\/users\/1"}],"replies":[{"embeddable":true,"href":"https:\/\/isvicreninsesi.ch\/de\/wp-json\/wp\/v2\/comments?post=1379"}],"version-history":[{"count":1,"href":"https:\/\/isvicreninsesi.ch\/de\/wp-json\/wp\/v2\/posts\/1379\/revisions"}],"predecessor-version":[{"id":1381,"href":"https:\/\/isvicreninsesi.ch\/de\/wp-json\/wp\/v2\/posts\/1379\/revisions\/1381"}],"wp:attachment":[{"href":"https:\/\/isvicreninsesi.ch\/de\/wp-json\/wp\/v2\/media?parent=1379"}],"wp:term":[{"taxonomy":"category","embeddable":true,"href":"https:\/\/isvicreninsesi.ch\/de\/wp-json\/wp\/v2\/categories?post=1379"},{"taxonomy":"post_tag","embeddable":true,"href":"https:\/\/isvicreninsesi.ch\/de\/wp-json\/wp\/v2\/tags?post=1379"}],"curies":[{"name":"wp","href":"https:\/\/api.w.org\/{rel}","templated":true}]}}