{"id":1371,"date":"2024-02-15T12:55:24","date_gmt":"2024-02-15T09:55:24","guid":{"rendered":"https:\/\/isvicreninsesi.ch\/de\/?p=1371"},"modified":"2024-02-15T13:04:54","modified_gmt":"2024-02-15T10:04:54","slug":"deutlicher-anstieg-der-asylantraege-in-der-schweiz","status":"publish","type":"post","link":"https:\/\/isvicreninsesi.ch\/de\/deutlicher-anstieg-der-asylantraege-in-der-schweiz\/","title":{"rendered":"Deutlicher Anstieg der Asylantr\u00e4ge in der Schweiz"},"content":{"rendered":"\n<p>Ein Anstieg von fast einem Viertel bei den Asylantr\u00e4gen in der Schweiz im Vergleich zum Vorjahr &#8211; Im Jahr 2023 stellten 30.223 Personen in der Schweiz einen Asylantrag. Dies entspricht einem Anstieg von 5712 oder 23,3 Prozent im Vergleich zu 2022.<\/p>\n\n\n\n<p>Wie das Staatssekretariat f\u00fcr Migration in einer Mitteilung bekannt gab, war Afghanistan erneut das Hauptursprungsland der Asylsuchenden im Jahr 2023, mit 7934 Antr\u00e4gen. Davon entfielen 151 auf Familienzusammenf\u00fchrungen, 341 auf Geburten und 1197 auf Mehrfachantr\u00e4ge. Somit wurden 6245 Hauptantr\u00e4ge von Personen afghanischer Herkunft verzeichnet.<\/p>\n\n\n\n<p>Weitere wichtige Herkunftsl\u00e4nder im Jahr 2023 waren die T\u00fcrkei (5675 Haupt- und 1147 Sekund\u00e4rantr\u00e4ge), Eritrea (705 Haupt- und 1404 Sekund\u00e4rantr\u00e4ge), Algerien (1781 Haupt- und 29 Sekund\u00e4rantr\u00e4ge) sowie Marokko (1596 Haupt- und 10 Sekund\u00e4rantr\u00e4ge).<\/p>\n\n\n\n<p>Prim\u00e4r- und Sekund\u00e4rantr\u00e4ge: Personen, die einen Hauptantrag stellen, tun dies unabh\u00e4ngig von anderen Personen, die bereits um Schutz ersucht haben. Im Gegensatz dazu ist ein Sekund\u00e4rantrag die Folge eines bereits registrierten Asylantrags (zum Beispiel Geburt, Familienzusammenf\u00fchrung oder Mehrfachantrag).<\/p>\n\n\n\n<p>Im Jahr 2023 hat das SEM (Staatssekretariat f\u00fcr Migration) 26.667 Asylantr\u00e4ge in erster Instanz bearbeitet. 5991 Personen erhielten Asyl, die Asylgew\u00e4hrungsquote lag bei 25,7 Prozent (2022: 30,6 Prozent). Die Schutzquote (Anteil von Asylgew\u00e4hrungen plus vorl\u00e4ufige Aufnahmen aufgrund erstinstanzlicher Entscheidungen) lag bei 54,4 Prozent (im Vergleich zu 59,0 Prozent im Jahr 2022). Die Zahl der in erster Instanz noch anh\u00e4ngigen F\u00e4lle stieg im Vergleich zum Vorjahr um 3328 auf 15.567.<\/p>\n","protected":false},"excerpt":{"rendered":"<p>Ein Anstieg von fast einem Viertel bei den Asylantr\u00e4gen in der Schweiz im Vergleich zum Vorjahr &#8211; Im Jahr 2023 stellten 30.223 Personen in der Schweiz einen Asylantrag. Dies entspricht einem Anstieg von 5712 oder 23,3 Prozent im Vergleich zu 2022. Wie das Staatssekretariat f\u00fcr Migration in einer Mitteilung bekannt gab, war Afghanistan erneut das [&hellip;]<\/p>\n","protected":false},"author":1,"featured_media":0,"comment_status":"open","ping_status":"open","sticky":false,"template":"","format":"standard","meta":{"footnotes":""},"categories":[2],"tags":[],"class_list":["post-1371","post","type-post","status-publish","format-standard","hentry","category-schweiz"],"aioseo_notices":[],"_links":{"self":[{"href":"https:\/\/isvicreninsesi.ch\/de\/wp-json\/wp\/v2\/posts\/1371","targetHints":{"allow":["GET"]}}],"collection":[{"href":"https:\/\/isvicreninsesi.ch\/de\/wp-json\/wp\/v2\/posts"}],"about":[{"href":"https:\/\/isvicreninsesi.ch\/de\/wp-json\/wp\/v2\/types\/post"}],"author":[{"embeddable":true,"href":"https:\/\/isvicreninsesi.ch\/de\/wp-json\/wp\/v2\/users\/1"}],"replies":[{"embeddable":true,"href":"https:\/\/isvicreninsesi.ch\/de\/wp-json\/wp\/v2\/comments?post=1371"}],"version-history":[{"count":1,"href":"https:\/\/isvicreninsesi.ch\/de\/wp-json\/wp\/v2\/posts\/1371\/revisions"}],"predecessor-version":[{"id":1374,"href":"https:\/\/isvicreninsesi.ch\/de\/wp-json\/wp\/v2\/posts\/1371\/revisions\/1374"}],"wp:attachment":[{"href":"https:\/\/isvicreninsesi.ch\/de\/wp-json\/wp\/v2\/media?parent=1371"}],"wp:term":[{"taxonomy":"category","embeddable":true,"href":"https:\/\/isvicreninsesi.ch\/de\/wp-json\/wp\/v2\/categories?post=1371"},{"taxonomy":"post_tag","embeddable":true,"href":"https:\/\/isvicreninsesi.ch\/de\/wp-json\/wp\/v2\/tags?post=1371"}],"curies":[{"name":"wp","href":"https:\/\/api.w.org\/{rel}","templated":true}]}}