{"id":1348,"date":"2024-02-10T18:17:02","date_gmt":"2024-02-10T15:17:02","guid":{"rendered":"https:\/\/isvicreninsesi.ch\/de\/?p=1348"},"modified":"2024-02-10T18:17:04","modified_gmt":"2024-02-10T15:17:04","slug":"die-magie-der-schweiz-ist-jetzt-nur-einen-klick-entfernt-www-myswitzerland-com","status":"publish","type":"post","link":"https:\/\/isvicreninsesi.ch\/de\/die-magie-der-schweiz-ist-jetzt-nur-einen-klick-entfernt-www-myswitzerland-com\/","title":{"rendered":"Die Magie der Schweiz ist Jetzt Nur einen Klick Entfernt: www.myswitzerland.com"},"content":{"rendered":"\n<p>Das faszinierende Land Schweiz und seine reiche Kultur sind jetzt nur einen Mausklick entfernt! Die beeindruckende Webseite von Schweiz Tourismus, <a href=\"http:\/\/www.myswitzerland.com\/\">www.myswitzerland.com<\/a>, bietet Ihnen die M\u00f6glichkeit, die unentdeckte Magie dieses Landes zu erleben. \ud83c\udde8\ud83c\udded\ud83c\udfd4\ufe0f\ud83e\uddd7\u200d\u2640\ufe0f<\/p>\n\n\n\n<p>In der vergangenen Woche trafen sich Herr Federico Sommaruga von Schweiz Tourismus und Herr Y\u00fcksel T\u00fcremez, Vorstandsvorsitzender von T\u00fcrsab, um Ideen dar\u00fcber auszutauschen, wie der Tourismus in der Schweiz und der T\u00fcrkei weiter gef\u00f6rdert werden kann. \ud83c\udde8\ud83c\udded\ud83c\uddf9\ud83c\uddf7<\/p>\n\n\n\n<p>Die Zusammenkunft dieser beiden Schl\u00fcsselfiguren markiert einen aufregenden Schritt in Richtung gemeinsamer Visionen f\u00fcr die Zukunft des Tourismus. Durch den Br\u00fcckenschlag zwischen den atemberaubenden Landschaften der Schweiz und den historischen Sch\u00e4tzen der T\u00fcrkei er\u00f6ffnen sich unvergessliche Erlebnisse f\u00fcr Touristen beider L\u00e4nder.<\/p>\n\n\n\n<p>Erkunden Sie die einzigartigen Sehensw\u00fcrdigkeiten der Schweiz und erleben Sie eine unvergessliche Reise, indem Sie <a href=\"http:\/\/www.myswitzerland.com\/\">www.myswitzerland.com<\/a> besuchen. Die Tourismusgespr\u00e4che zwischen der Schweiz und der T\u00fcrkei schaffen eine strategische Plattform, um den Tourismussektor beider L\u00e4nder effektiver zu f\u00f6rdern. \ud83c\udde8\ud83c\udded\ud83c\uddf9\ud83c\uddf7<\/p>\n\n\n\n<p>Diese Zusammenarbeit verspricht nicht nur einen Austausch von Touristen, sondern auch eine intensivere Verbindung zwischen den beiden L\u00e4ndern. Seien Sie dabei, wenn diese neue Tourismusfreundschaft zwischen der Schweiz und der T\u00fcrkei aufbl\u00fcht und zu neuen Entdeckungen einl\u00e4dt! \ud83c\udf0d\ud83e\udd1d #SchweizTourismus #T\u00fcrkeiSchweizTourismusPartnerschaft<\/p>\n\n\n\n<hr class=\"wp-block-separator has-alpha-channel-opacity\"\/>\n\n\n\n<p><strong>Franz\u00f6sisch:<\/strong><\/p>\n\n\n\n<p><strong>La Magie de la Suisse \u00e0 Port\u00e9e de Clic : <a href=\"http:\/\/www.myswitzerland.com\/\">www.myswitzerland.com<\/a><\/strong><\/p>\n\n\n\n<p>Les beaut\u00e9s uniques de la Suisse et sa culture riche sont d\u00e9sormais \u00e0 port\u00e9e de clic ! Le site web \u00e9blouissant de Suisse Tourisme, <a href=\"http:\/\/www.myswitzerland.com\/\">www.myswitzerland.com<\/a>, vous offre la possibilit\u00e9 de d\u00e9couvrir la magie encore inexplor\u00e9e de ce pays. \ud83c\udde8\ud83c\udded\ud83c\udfd4\ufe0f\ud83e\uddd7\u200d\u2640\ufe0f<\/p>\n\n\n\n<p>La semaine derni\u00e8re, M. Federico Sommaruga de Suisse Tourisme et M. Y\u00fcksel T\u00fcremez, Pr\u00e9sident du Conseil d&#8217;administration de T\u00fcrsab, se sont rencontr\u00e9s pour \u00e9changer des id\u00e9es sur la mani\u00e8re de promouvoir le tourisme en Suisse et en Turquie. \ud83c\udde8\ud83c\udded\ud83c\uddf9\ud83c\uddf7<\/p>\n\n\n\n<p>La r\u00e9union de ces deux personnalit\u00e9s cl\u00e9s marque une \u00e9tape excitante vers des visions communes pour l&#8217;avenir du tourisme. En reliant les paysages \u00e9poustouflants de la Suisse aux tr\u00e9sors historiques de la Turquie, des exp\u00e9riences inoubliables s&#8217;ouvrent aux touristes des deux pays.<\/p>\n\n\n\n<p>Explorez les sites uniques de la Suisse et vivez une exp\u00e9rience de voyage inoubliable en visitant <a href=\"http:\/\/www.myswitzerland.com\/\">www.myswitzerland.com<\/a>. Les discussions sur le tourisme entre la Suisse et la Turquie cr\u00e9ent une plateforme strat\u00e9gique pour promouvoir de mani\u00e8re plus efficace le secteur du tourisme des deux pays. \ud83c\udde8\ud83c\udded\ud83c\uddf9\ud83c\uddf7<\/p>\n\n\n\n<p>Cette collaboration promet non seulement un \u00e9change de touristes, mais \u00e9galement un lien plus \u00e9troit entre les deux nations. Soyez t\u00e9moin de l&#8217;\u00e9panouissement de cette nouvelle amiti\u00e9 touristique entre la Suisse et la Turquie, une invitation \u00e0 de nouvelles d\u00e9couvertes ! \ud83c\udf0d\ud83e\udd1d #TourismeSuisse #PartenariatTouristiqueSuisseTurquie<\/p>\n\n\n\n<figure class=\"wp-block-image size-large\"><img decoding=\"async\" src=\"https:\/\/isvicreninsesi.ch\/de\/wp-content\/uploads\/2024\/02\/4-1024x683.jpg\" alt=\"\" class=\"wp-image-1351\"\/><\/figure>\n\n\n\n<hr class=\"wp-block-separator has-alpha-channel-opacity\"\/>\n\n\n\n<p><strong>Italienisch:<\/strong><\/p>\n\n\n\n<p><strong>La Magia della Svizzera a Portata di Click: <a href=\"http:\/\/www.myswitzerland.com\/\">www.myswitzerland.com<\/a><\/strong><\/p>\n\n\n\n<p>Le bellezze uniche della Svizzera e la sua ricca cultura sono ora a portata di click! Il sito web mozzafiato di Svizzera Turismo, <a href=\"http:\/\/www.myswitzerland.com\/\">www.myswitzerland.com<\/a>, ti offre la possibilit\u00e0 di scoprire la magia ancora inesplorata di questo paese. \ud83c\udde8\ud83c\udded\ud83c\udfd4\ufe0f\ud83e\uddd7\u200d\u2640\ufe0f<\/p>\n\n\n\n<p>La scorsa settimana, il signor Federico Sommaruga di Svizzera Turismo e il signor Y\u00fcksel T\u00fcremez, presidente del consiglio di T\u00fcrsab, si sono incontrati per scambiare idee su come promuovere il turismo in Svizzera e in Turchia. \ud83c\udde8\ud83c\udded\ud83c\uddf9\ud83c\uddf7<\/p>\n\n\n\n<p>L&#8217;incontro di queste due figure chiave segna un passo emozionante verso visioni comuni per il futuro del turismo. Collegando i paesaggi mozzafiato della Svizzera ai tesori storici della Turchia, si aprono esperienze indimenticabili per i turisti di entrambi i paesi.<\/p>\n\n\n\n<p>Esplora i luoghi unici della Svizzera e vivi un&#8217;esperienza di viaggio indimenticabile visitando <a href=\"http:\/\/www.myswitzerland.com\/\">www.myswitzerland.com<\/a>. Le discussioni sul turismo tra la Svizzera e la Turchia creano una piattaforma strategica per promuovere in modo pi\u00f9 efficace il settore turistico di entrambi i paesi. \ud83c\udde8\ud83c\udded\ud83c\uddf9\ud83c\uddf7<\/p>\n\n\n\n<p>Questa collaborazione promette non solo uno scambio di turisti, ma anche un legame pi\u00f9 stretto tra le due nazioni. Assisti alla fioritura di questa nuova amicizia turistica tra la Svizzera e la Turchia, un invito a nuove scoperte! \ud83c\udf0d\ud83e\udd1d #TurismoSvizzera #PartenariatoTuristicoSvizzeraTurchia<\/p>\n\n\n\n<figure class=\"wp-block-image size-large\"><img decoding=\"async\" src=\"https:\/\/isvicreninsesi.ch\/de\/wp-content\/uploads\/2024\/02\/3-1024x682.jpg\" alt=\"\" class=\"wp-image-1350\"\/><\/figure>\n","protected":false},"excerpt":{"rendered":"<p>Das faszinierende Land Schweiz und seine reiche Kultur sind jetzt nur einen Mausklick entfernt! Die beeindruckende Webseite von Schweiz Tourismus, www.myswitzerland.com, bietet Ihnen die M\u00f6glichkeit, die unentdeckte Magie dieses Landes zu erleben. \ud83c\udde8\ud83c\udded\ud83c\udfd4\ufe0f\ud83e\uddd7\u200d\u2640\ufe0f In der vergangenen Woche trafen sich Herr Federico Sommaruga von Schweiz Tourismus und Herr Y\u00fcksel T\u00fcremez, Vorstandsvorsitzender von T\u00fcrsab, um Ideen dar\u00fcber [&hellip;]<\/p>\n","protected":false},"author":1,"featured_media":0,"comment_status":"open","ping_status":"open","sticky":false,"template":"","format":"standard","meta":{"footnotes":""},"categories":[78],"tags":[],"class_list":["post-1348","post","type-post","status-publish","format-standard","hentry","category-tuerkei"],"aioseo_notices":[],"_links":{"self":[{"href":"https:\/\/isvicreninsesi.ch\/de\/wp-json\/wp\/v2\/posts\/1348","targetHints":{"allow":["GET"]}}],"collection":[{"href":"https:\/\/isvicreninsesi.ch\/de\/wp-json\/wp\/v2\/posts"}],"about":[{"href":"https:\/\/isvicreninsesi.ch\/de\/wp-json\/wp\/v2\/types\/post"}],"author":[{"embeddable":true,"href":"https:\/\/isvicreninsesi.ch\/de\/wp-json\/wp\/v2\/users\/1"}],"replies":[{"embeddable":true,"href":"https:\/\/isvicreninsesi.ch\/de\/wp-json\/wp\/v2\/comments?post=1348"}],"version-history":[{"count":1,"href":"https:\/\/isvicreninsesi.ch\/de\/wp-json\/wp\/v2\/posts\/1348\/revisions"}],"predecessor-version":[{"id":1352,"href":"https:\/\/isvicreninsesi.ch\/de\/wp-json\/wp\/v2\/posts\/1348\/revisions\/1352"}],"wp:attachment":[{"href":"https:\/\/isvicreninsesi.ch\/de\/wp-json\/wp\/v2\/media?parent=1348"}],"wp:term":[{"taxonomy":"category","embeddable":true,"href":"https:\/\/isvicreninsesi.ch\/de\/wp-json\/wp\/v2\/categories?post=1348"},{"taxonomy":"post_tag","embeddable":true,"href":"https:\/\/isvicreninsesi.ch\/de\/wp-json\/wp\/v2\/tags?post=1348"}],"curies":[{"name":"wp","href":"https:\/\/api.w.org\/{rel}","templated":true}]}}