{"id":1340,"date":"2024-02-10T18:30:20","date_gmt":"2024-02-10T15:30:20","guid":{"rendered":"https:\/\/isvicreninsesi.ch\/de\/?p=1340"},"modified":"2024-02-10T18:37:45","modified_gmt":"2024-02-10T15:37:45","slug":"istanbul-flughafen-delegation-erkundet-zukunftsperspektiven-und-staerkt-beziehungen-zwischen-der-schweiz-und-der-tuerkei","status":"publish","type":"post","link":"https:\/\/isvicreninsesi.ch\/de\/istanbul-flughafen-delegation-erkundet-zukunftsperspektiven-und-staerkt-beziehungen-zwischen-der-schweiz-und-der-tuerkei\/","title":{"rendered":"Istanbul Flughafen: Strategische Besprechung st\u00e4rkt diplomatische Zusammenarbeit zwischen der T\u00fcrkei und der Schweiz"},"content":{"rendered":"\n<p>Der Istanbul Flughafen, ein weltweiter Treffpunkt, spielt eine bedeutende Rolle in den internationalen Beziehungen. Eine Delegation des Konsulats unter der Leitung von Vizekonsul Roland Brun und der Pr\u00e4sidentin des Swiss Business Hub T\u00fcrkei, Yasemin \u00d6zt\u00fcrk, traf sich mit dem CEO von \u0130GA, Selahattin Bilgen, um \u00fcber die Zukunft des Flughafens und die strategische Bedeutung der Beziehungen zwischen der T\u00fcrkei und der Schweiz zu diskutieren. \ud83c\udde8\ud83c\udded\ud83c\uddf9\ud83c\uddf7\u2708\ufe0f<\/p>\n\n\n\n<p>Das Treffen markiert einen wichtigen Schritt in Richtung Nutzung des Istanbul Flughafens als Plattform zur Entwicklung und St\u00e4rkung internationaler diplomatischer Beziehungen, weit \u00fcber seine Funktion als Luftverkehrsknotenpunkt hinaus.<\/p>\n\n\n\n<p>Die Delegation diskutierte mit CEO Selahattin Bilgen, wie der Istanbul Flughafen nicht nur als Luftfahrtzentrum, sondern auch als Plattform f\u00fcr die Entwicklung kultureller und wirtschaftlicher Beziehungen dienen kann.<\/p>\n\n\n\n<p>Der Besuch der Delegation unterstreicht erneut die strategische Rolle des Istanbul Flughafens bei der St\u00e4rkung von diplomatischen und wirtschaftlichen Beziehungen mit wichtigen Akteuren weltweit. \ud83c\udf0d\ud83e\udd1d #IstanbulFlughafen #Diplomatie #SchweizT\u00fcrkeiBeziehungen<\/p>\n\n\n\n<hr class=\"wp-block-separator has-alpha-channel-opacity\"\/>\n\n\n\n<p> <strong>A\u00e9roport d&#8217;Istanbul : R\u00e9union strat\u00e9gique renfor\u00e7ant la coop\u00e9ration diplomatique entre la Turquie et la Suisse<\/strong><\/p>\n\n\n\n<p><\/p>\n\n\n\n<p>L&#8217;a\u00e9roport d&#8217;Istanbul, un lieu de rencontre mondial, joue un r\u00f4le crucial dans les relations internationales. Une d\u00e9l\u00e9gation du consulat dirig\u00e9e par le vice-consul Roland Brun et la pr\u00e9sidente du Swiss Business Hub Turquie, Yasemin \u00d6zt\u00fcrk, s&#8217;est r\u00e9unie avec le PDG de \u0130GA, Selahattin Bilgen, pour discuter de l&#8217;avenir de l&#8217;a\u00e9roport et de l&#8217;importance strat\u00e9gique des relations entre la Turquie et la Suisse. \ud83c\udde8\ud83c\udded\ud83c\uddf9\ud83c\uddf7\u2708\ufe0f<\/p>\n\n\n\n<p>La r\u00e9union marque une \u00e9tape importante vers l&#8217;utilisation de l&#8217;a\u00e9roport d&#8217;Istanbul comme plateforme de d\u00e9veloppement et de renforcement des relations diplomatiques internationales, bien au-del\u00e0 de sa fonction de n\u0153ud de transport a\u00e9rien.<\/p>\n\n\n\n<p>La d\u00e9l\u00e9gation a discut\u00e9 avec le PDG Selahattin Bilgen de la mani\u00e8re dont l&#8217;a\u00e9roport d&#8217;Istanbul peut servir non seulement de centre d&#8217;aviation, mais aussi de plateforme pour le d\u00e9veloppement de relations culturelles et \u00e9conomiques.<\/p>\n\n\n\n<p><\/p>\n\n\n\n<p>La visite de la d\u00e9l\u00e9gation souligne une fois de plus le r\u00f4le strat\u00e9gique de l&#8217;a\u00e9roport d&#8217;Istanbul dans le renforcement des relations diplomatiques et \u00e9conomiques avec des acteurs cl\u00e9s du monde entier. \ud83c\udf0d\ud83e\udd1d #A\u00e9roportIstanbul #Diplomatie #RelationsSuisseTurquie<\/p>\n\n\n\n<figure class=\"wp-block-image size-large\"><img decoding=\"async\" src=\"https:\/\/isvicreninsesi.ch\/de\/wp-content\/uploads\/2024\/02\/roland-1-1024x901.jpg\" alt=\"\" class=\"wp-image-1341\"\/><\/figure>\n\n\n\n<hr class=\"wp-block-separator has-alpha-channel-opacity\"\/>\n\n\n\n<p><strong>Aeroporto di Istanbul: Riunione strategica per rafforzare la cooperazione diplomatica tra Turchia e Svizzera<\/strong><\/p>\n\n\n\n<p>L&#8217;Aeroporto di Istanbul, un punto d&#8217;incontro globale, svolge un ruolo cruciale nelle relazioni internazionali. Una delegazione del Consolato guidata dal Viceconsole Roland Brun e dalla Presidente del Swiss Business Hub Turchia, Yasemin \u00d6zt\u00fcrk, si \u00e8 incontrata con il CEO di \u0130GA, Selahattin Bilgen, per discutere del futuro dell&#8217;aeroporto e dell&#8217;importanza strategica delle relazioni tra Turchia e Svizzera. \ud83c\udde8\ud83c\udded\ud83c\uddf9\ud83c\uddf7\u2708\ufe0f<\/p>\n\n\n\n<p>La riunione segna un passo importante verso l&#8217;utilizzo dell&#8217;Aeroporto di Istanbul come piattaforma per lo sviluppo e il rafforzamento delle relazioni diplomatiche internazionali, ben al di l\u00e0 della sua funzione di nodo di trasporto aereo.<\/p>\n\n\n\n<p>La delegazione ha discusso con il CEO Selahattin Bilgen su come l&#8217;Aeroporto di Istanbul possa servire non solo come centro dell&#8217;aviazione, ma anche come piattaforma per lo sviluppo di relazioni culturali ed economiche.<\/p>\n\n\n\n<p><\/p>\n\n\n\n<p>La visita della delegazione sottolinea ancora una volta il ruolo strategico dell&#8217;Aeroporto di Istanbul nel rafforzamento delle relazioni diplomatiche ed economiche con attori chiave a livello mondiale. \ud83c\udf0d\ud83e\udd1d #AeroportoIstanbul #Diplomazia #RelazioniSvizzeraTurchia<\/p>\n","protected":false},"excerpt":{"rendered":"<p>Der Istanbul Flughafen, ein weltweiter Treffpunkt, spielt eine bedeutende Rolle in den internationalen Beziehungen. Eine Delegation des Konsulats unter der Leitung von Vizekonsul Roland Brun und der Pr\u00e4sidentin des Swiss Business Hub T\u00fcrkei, Yasemin \u00d6zt\u00fcrk, traf sich mit dem CEO von \u0130GA, Selahattin Bilgen, um \u00fcber die Zukunft des Flughafens und die strategische Bedeutung der [&hellip;]<\/p>\n","protected":false},"author":1,"featured_media":0,"comment_status":"open","ping_status":"open","sticky":false,"template":"","format":"standard","meta":{"footnotes":""},"categories":[78],"tags":[],"class_list":["post-1340","post","type-post","status-publish","format-standard","hentry","category-tuerkei"],"aioseo_notices":[],"_links":{"self":[{"href":"https:\/\/isvicreninsesi.ch\/de\/wp-json\/wp\/v2\/posts\/1340","targetHints":{"allow":["GET"]}}],"collection":[{"href":"https:\/\/isvicreninsesi.ch\/de\/wp-json\/wp\/v2\/posts"}],"about":[{"href":"https:\/\/isvicreninsesi.ch\/de\/wp-json\/wp\/v2\/types\/post"}],"author":[{"embeddable":true,"href":"https:\/\/isvicreninsesi.ch\/de\/wp-json\/wp\/v2\/users\/1"}],"replies":[{"embeddable":true,"href":"https:\/\/isvicreninsesi.ch\/de\/wp-json\/wp\/v2\/comments?post=1340"}],"version-history":[{"count":2,"href":"https:\/\/isvicreninsesi.ch\/de\/wp-json\/wp\/v2\/posts\/1340\/revisions"}],"predecessor-version":[{"id":1346,"href":"https:\/\/isvicreninsesi.ch\/de\/wp-json\/wp\/v2\/posts\/1340\/revisions\/1346"}],"wp:attachment":[{"href":"https:\/\/isvicreninsesi.ch\/de\/wp-json\/wp\/v2\/media?parent=1340"}],"wp:term":[{"taxonomy":"category","embeddable":true,"href":"https:\/\/isvicreninsesi.ch\/de\/wp-json\/wp\/v2\/categories?post=1340"},{"taxonomy":"post_tag","embeddable":true,"href":"https:\/\/isvicreninsesi.ch\/de\/wp-json\/wp\/v2\/tags?post=1340"}],"curies":[{"name":"wp","href":"https:\/\/api.w.org\/{rel}","templated":true}]}}